{"id":82577,"date":"2021-10-06T09:07:26","date_gmt":"2021-10-06T07:07:26","guid":{"rendered":"http:\/\/www.messinaoggi.it\/website\/?p=82577"},"modified":"2021-10-06T11:11:22","modified_gmt":"2021-10-06T09:11:22","slug":"lultimo-romito-presentazione-a-castelvetrano","status":"publish","type":"post","link":"https:\/\/www.messinaoggi.it\/website\/2021\/10\/06\/lultimo-romito-presentazione-a-castelvetrano\/","title":{"rendered":"&#8220;L&#8217;ultimo romito&#8221;, presentazione a Castelvetrano"},"content":{"rendered":"\n<p>\u201cL\u2019ultimo romito\u201d il saggio di Celi, Basso e Privitera che si pregia della prefazione dello storico Raffaele Manduca (Lithos Edizioni), sar\u00e0 presentato nella splendida cornice del Liceo classico di Castelvetrano.<div id=\"div-gpt-ad-Messinaoggi.it-DSK-300x250-corpoart\" style=\"text-align:center;margin:0 auto;\"><\/div><\/p>\n\n\n\n<p>L\u2019evento e si svolger\u00e0 venerd\u00ec 8 ottobre con il patrocinio della Citt\u00e0 di Castelvetrano-Selinunte, della Citt\u00e0 di Partanna, del Comune di Campobello di Mazara, dell\u2019Accademia Selinuntina di Mazara del Vallo, del Circolo Intercomunale dell\u2019M.C.L. di Castelvetrano, del Club per l\u2019Unesco di Castelvetrano Selinunte e della F.I.L.D.I.S.<div id=\"videoincontent\" style=\"clear:both\";><\/div><\/p>\n\n\n\n<p>La presentazione avr\u00e0 oltre ai sindaci delle tre Citt\u00e0, la presenza di Mons. Domenico Mogavero (Vescovo di Mazara del Vallo e Responsabile del Diritto Canonino della CEI) e quella dello Jeromonaco Alexios Mandanikiotis (epigono ed apostolo del Monachesimo italo-greco e ultimo Archimandrita di Messina dal terremoto del 1908). La presentazione del libro oltre che valore storico vuole avere significato di compiuto ecumenismo. Da annotare che il libro, scritto da autori messinesi, non \u00e8 stato attenzionato dalla Curia locale.<\/p>\n","protected":false},"excerpt":{"rendered":"<p>\u201cL\u2019ultimo romito\u201d il saggio di Celi, Basso e Privitera che si pregia della prefazione dello storico Raffaele Manduca (Lithos Edizioni), sar\u00e0 presentato nella splendida cornice del Liceo classico di Castelvetrano. L\u2019evento e si svolger\u00e0 venerd\u00ec 8 ottobre con il patrocinio della Citt\u00e0 di Castelvetrano-Selinunte, della Citt\u00e0 di Partanna, del Comune di Campobello di Mazara, dell\u2019Accademia [&hellip;]<\/p>\n","protected":false},"author":2,"featured_media":53831,"comment_status":"open","ping_status":"open","sticky":false,"template":"","format":"standard","meta":{"ub_ctt_via":"","_mi_skip_tracking":false},"categories":[16],"tags":[1455,2171,1454,2170],"featured_image_src":"https:\/\/www.messinaoggi.it\/website\/wp-content\/uploads\/2021\/02\/FF3A58D7-1597-4E17-BF7F-60C435ECF335.jpeg","author_info":{"display_name":"Redazione","author_link":"https:\/\/www.messinaoggi.it\/website\/author\/redazione\/"},"digistream_id":0,"digistream":false,"_links":{"self":[{"href":"https:\/\/www.messinaoggi.it\/website\/wp-json\/wp\/v2\/posts\/82577"}],"collection":[{"href":"https:\/\/www.messinaoggi.it\/website\/wp-json\/wp\/v2\/posts"}],"about":[{"href":"https:\/\/www.messinaoggi.it\/website\/wp-json\/wp\/v2\/types\/post"}],"author":[{"embeddable":true,"href":"https:\/\/www.messinaoggi.it\/website\/wp-json\/wp\/v2\/users\/2"}],"replies":[{"embeddable":true,"href":"https:\/\/www.messinaoggi.it\/website\/wp-json\/wp\/v2\/comments?post=82577"}],"version-history":[{"count":3,"href":"https:\/\/www.messinaoggi.it\/website\/wp-json\/wp\/v2\/posts\/82577\/revisions"}],"predecessor-version":[{"id":82600,"href":"https:\/\/www.messinaoggi.it\/website\/wp-json\/wp\/v2\/posts\/82577\/revisions\/82600"}],"wp:featuredmedia":[{"embeddable":true,"href":"https:\/\/www.messinaoggi.it\/website\/wp-json\/wp\/v2\/media\/53831"}],"wp:attachment":[{"href":"https:\/\/www.messinaoggi.it\/website\/wp-json\/wp\/v2\/media?parent=82577"}],"wp:term":[{"taxonomy":"category","embeddable":true,"href":"https:\/\/www.messinaoggi.it\/website\/wp-json\/wp\/v2\/categories?post=82577"},{"taxonomy":"post_tag","embeddable":true,"href":"https:\/\/www.messinaoggi.it\/website\/wp-json\/wp\/v2\/tags?post=82577"}],"curies":[{"name":"wp","href":"https:\/\/api.w.org\/{rel}","templated":true}]}}