{"id":8256,"date":"2017-09-23T09:32:59","date_gmt":"2017-09-23T07:32:59","guid":{"rendered":"http:\/\/www.messinaoggi.it\/website\/?p=8256"},"modified":"2017-09-23T09:32:59","modified_gmt":"2017-09-23T07:32:59","slug":"cacciotto-gioveni-e-carreri-casi-di-malaria-nella-caserma-gasparro-il-sindaco-verifichi","status":"publish","type":"post","link":"https:\/\/www.messinaoggi.it\/website\/2017\/09\/23\/cacciotto-gioveni-e-carreri-casi-di-malaria-nella-caserma-gasparro-il-sindaco-verifichi\/","title":{"rendered":"Cacciotto, Gioveni e Carreri: &quot;Casi di malaria nella caserma Gasparro? Il sindaco verifichi&quot;"},"content":{"rendered":"<p>&#8220;L\u2019ex caserma di Bisconte \u00e8 ormai una baraccopoli in cui non si sa quello che succede&#8221;: vanno gi\u00f9 duro i consiglieri Alessandro Cacciotto (Terza Circoscrizione), Libero Gioveni e Nino Carreri (Consiglio comunale). &#8220;Pi\u00f9 volte i sottoscritti sono\u00a0 intervenuti sulla questione migranti all\u2019interno dell&#8217;ex caserma, ricevendo continue sollecitazioni dai cittadini, preoccupati dal fenomeno che da anni caratterizza il quartiere.<br \/>\nNel silenzio delle Istituzioni cittadine, in primis il sindaco, \u00e8 stato fatto quello che si era programmato, sicuramente a livello nazionale, all\u2019interno della caserma &#8216;Gasbarro&#8217;. Abbiamo denunciato nelle scorse settimane l\u2019ennesima mega rissa che ha visto coinvolti i migranti e dove sono dovuti intervenire forze dell\u2019ordine e ambulanze, l\u2019arresto di un migrante trovato fuori a commettere un reato, fuori controllo dalla cooperativa che gestisce il centro migranti Bisconte e adesso siamo qui a denunciare l\u2019ennesima paura per i cittadini.<br \/>\nNei giorni scorsi \u00e8 iniziata a circolare su Facebook la notizia che ci sarebbero stati due casi di malaria nel centro migranti. Ovviamente ben si pu\u00f2 capire la reazione soprattutto dei residenti, sconvolti e preoccupati. E\u2019 naturale che una siffatta notizia va assolutamente accertata nella sua fondatezza non volendo gli scriventi allarmare ulteriormente i cittadini.<br \/>\nCi\u00f2 che per\u00f2 non possiamo certamente pi\u00f9 condividere \u00e8 l\u2019atteggiamento del sig. Sindaco che sembra estraneo a qualsiasi cosa accada all\u2019interno del centro migranti mentre al contrario dovrebbe essere il primo a dare rassicurazioni e soprattutto a valutare, come pi\u00f9 volte rappresentato dagli scriventi, altre sedi per l\u2019accoglienza.<br \/>\nNonostante il forte disagio che i residenti riscontrano, non c\u2019\u00e8 modo di avere un confronto, di capire che aver ghettizzato un intero quartiere fa male a tutti. Sia ai migranti e sia ai residenti. Siamo al totale sbando, alla completa anarchia in cui a rimetterci sono i cittadini di Bisconte e dell\u2019intera Vallata di Camaro gi\u00e0 afflitta dalle proprie fragilit\u00e0. Una politica nazionale ed europea che sta creando tra la gente solo rabbia e delusione. Nei giorni scorsi abbiamo ricevuto rassicurazioni dall\u2019assessore Santisi di un incontro che avverr\u00e0 con il prefetto per un confronto sulla questione migranti a Bisconte.<br \/>\nBisogna per\u00f2 che il sindaco, in questo momento, anche e soprattutto nelle vesti di massima autorit\u00e0 sanitaria locale, verifichi l\u2019attendibilit\u00e0 della notizia trapelata nei giorni scorsi. Tutto ci\u00f2 premesso, i sottoscritti consiglieri chiedono che il sindaco, Renato Accorinti, sia nelle vesti di primo cittadino, sia nelle vesti di massima autorit\u00e0 sanitaria locale, verifichi l\u2019attendibilit\u00e0 della notizia circolata sui social network circa la presenza di casi di malaria all\u2019interno dell&#8217;ex caserma di Bisconte ove \u00e8 sito il centro raccolta migranti.<br \/>\nValuti, unitamente alle altre Istituzioni, la possibilit\u00e0 di trasferire il centro migranti in altro sito, restituendo la fruibilit\u00e0 della ex caserma alla citt\u00e0 per la creazione di spazi ludici, culturali, aggregativi, sportivi considerata la carenza di strutture e\/o spazi per gli stessi cittadini, considerata la fragilit\u00e0 del territorio di Bisconte ad ospitare la struttura e considerato che per come concepito, il centro non \u00e8 certamente di accoglienza ed integrazione ma soltanto di raccolta&#8221;.<div id=\"div-gpt-ad-Messinaoggi.it-DSK-300x250-corpoart\" style=\"text-align:center;margin:0 auto;\"><\/div><\/p>\n<div id=\"videoincontent\" style=\"clear:both\";><\/div>","protected":false},"excerpt":{"rendered":"<p>&#8220;L\u2019ex caserma di Bisconte \u00e8 ormai una baraccopoli in cui non si sa quello che succede&#8221;: vanno gi\u00f9 duro i consiglieri Alessandro Cacciotto (Terza Circoscrizione), Libero Gioveni e Nino Carreri (Consiglio comunale). &#8220;Pi\u00f9 volte i sottoscritti sono\u00a0 intervenuti sulla questione migranti all\u2019interno dell&#8217;ex caserma, ricevendo continue sollecitazioni dai cittadini, preoccupati dal fenomeno che da anni [&hellip;]<\/p>\n","protected":false},"author":2,"featured_media":4351,"comment_status":"closed","ping_status":"open","sticky":false,"template":"","format":"standard","meta":{"ub_ctt_via":"","_mi_skip_tracking":false},"categories":[6],"tags":[],"featured_image_src":"https:\/\/www.messinaoggi.it\/website\/wp-content\/uploads\/2017\/07\/caserma-gasparro-bisconte-2.jpg","author_info":{"display_name":"Redazione","author_link":"https:\/\/www.messinaoggi.it\/website\/author\/redazione\/"},"digistream_id":0,"digistream":false,"_links":{"self":[{"href":"https:\/\/www.messinaoggi.it\/website\/wp-json\/wp\/v2\/posts\/8256"}],"collection":[{"href":"https:\/\/www.messinaoggi.it\/website\/wp-json\/wp\/v2\/posts"}],"about":[{"href":"https:\/\/www.messinaoggi.it\/website\/wp-json\/wp\/v2\/types\/post"}],"author":[{"embeddable":true,"href":"https:\/\/www.messinaoggi.it\/website\/wp-json\/wp\/v2\/users\/2"}],"replies":[{"embeddable":true,"href":"https:\/\/www.messinaoggi.it\/website\/wp-json\/wp\/v2\/comments?post=8256"}],"version-history":[{"count":0,"href":"https:\/\/www.messinaoggi.it\/website\/wp-json\/wp\/v2\/posts\/8256\/revisions"}],"wp:featuredmedia":[{"embeddable":true,"href":"https:\/\/www.messinaoggi.it\/website\/wp-json\/wp\/v2\/media\/4351"}],"wp:attachment":[{"href":"https:\/\/www.messinaoggi.it\/website\/wp-json\/wp\/v2\/media?parent=8256"}],"wp:term":[{"taxonomy":"category","embeddable":true,"href":"https:\/\/www.messinaoggi.it\/website\/wp-json\/wp\/v2\/categories?post=8256"},{"taxonomy":"post_tag","embeddable":true,"href":"https:\/\/www.messinaoggi.it\/website\/wp-json\/wp\/v2\/tags?post=8256"}],"curies":[{"name":"wp","href":"https:\/\/api.w.org\/{rel}","templated":true}]}}