{"id":825,"date":"2017-05-29T11:40:50","date_gmt":"2017-05-29T09:40:50","guid":{"rendered":"http:\/\/www.messinaoggi.it\/website\/?p=825"},"modified":"2017-05-29T11:40:50","modified_gmt":"2017-05-29T09:40:50","slug":"omaggio-ad-antonio-caldarella","status":"publish","type":"post","link":"https:\/\/www.messinaoggi.it\/website\/2017\/05\/29\/omaggio-ad-antonio-caldarella\/","title":{"rendered":"Omaggio ad Antonio Caldarella"},"content":{"rendered":"<p>Ancora grandi emozioni al\u00a0 Teatro Vittorio Emanuele che venerd\u00ec, \u00a0alle ore 21.00,\u00a0 ospiter\u00e0 lo spettacolo dal titolo\u00a0 \u201cI Siciliani di Antonio Caldarella\u201d<br \/>\nDiretta dal regista Ninni Bruschetta la pi\u00e8ce vuole essere un omaggio all\u2019artista \u00a0\u00a0Antonio Caldarella, nato\u00a0 a Siracusa il 5 aprile 1959 e morto il 3 febbraio 2009. Nonostante\u00a0 Caldarella vanti al\u00a0 suo attivo un\u2019intensa produzione artistica, i suoi lavori\u00a0 restano ancora del tutto sconosciuti al grande pubblico. Eppure sono tante le parole scritte, parallelamente ad una carriera di attore e regista teatrale, frammenti di vita tramutati in poesia.<br \/>\n<img loading=\"lazy\" src=\"http:\/\/www.messinaoggi.eu\/uploads\/Maria%20Antonella%20Saia\/Spettacoli\/ANTONIO%20CALDARELLA2.jpeg\" alt=\"\" width=\"500\" height=\"375\" \/><br \/>\nE sar\u00e0 appunto la sua intensa produzione poetica a costituire l\u2019ossatura dello spettacolo \u201cI Siciliani di Antonio Caldarella\u201d. In scena le poesie e i testi narrativi di Caldarella, sempre attento e smaliziato osservatore della realt\u00e0 che lo circondava, critico e cinico nei confronti di quel provincialismo che tende all\u2019omologazione, tra storture, manie e persecuzioni, affidate all\u2019intensa interpretazione di \u00a0Annibale Pavone, \u00a0Margherita Smedile e Maurizio Puglisi; \u00a0un canto a pi\u00f9 voci, impreziosito dalle note composte da Giovanni Renzo ed \u00a0eseguite dall\u2019Orchestra del Teatro Vittorio Emanuele.<br \/>\n\u00abUn gruppo di amici \u2013 sottolinea Ninni Bruschetta \u2013 per uno spettacolo che nasce e si concretizza come un omaggio\u00bb. Charles Bukowski scriveva che: \u201cUna poesia \u00e8 una citt\u00e0 piena di strade e tombini\/piena di santi, eroi, mendicanti, pazzi, piena di banalit\u00e0 e di roba da bere. [\u2026] Una poesia \u00e8 una citt\u00e0, una poesia \u00e8 una nazione,\/una poesia \u00e8 il mondo.[\u2026]\u201d. Ed \u00e8 attraverso le sue poesie che il mondo di Caldarella appare e si svela, nella sua complessit\u00e0, ricchezza e bellezza.<br \/>\nUn\u2019occasione da non perdere per\u00a0 riscoprire le bellissime ,opere di un\u2019artista \u00a0dall\u2019animo puro nel quale risiedeva il candore di un bambino.<br \/>\nLo spettacolo sar\u00e0 replicato sabato alle ore 21.00 e domenica alle 17.30.<div id=\"div-gpt-ad-Messinaoggi.it-DSK-300x250-corpoart\" style=\"text-align:center;margin:0 auto;\"><\/div><\/p>\n<div id=\"videoincontent\" style=\"clear:both\";><\/div>","protected":false},"excerpt":{"rendered":"<p>Ancora grandi emozioni al\u00a0 Teatro Vittorio Emanuele che venerd\u00ec, \u00a0alle ore 21.00,\u00a0 ospiter\u00e0 lo spettacolo dal titolo\u00a0 \u201cI Siciliani di Antonio Caldarella\u201d Diretta dal regista Ninni Bruschetta la pi\u00e8ce vuole essere un omaggio all\u2019artista \u00a0\u00a0Antonio Caldarella, nato\u00a0 a Siracusa il 5 aprile 1959 e morto il 3 febbraio 2009. Nonostante\u00a0 Caldarella vanti al\u00a0 suo attivo [&hellip;]<\/p>\n","protected":false},"author":5,"featured_media":827,"comment_status":"closed","ping_status":"open","sticky":false,"template":"","format":"standard","meta":{"ub_ctt_via":"","_mi_skip_tracking":false},"categories":[17],"tags":[],"featured_image_src":"https:\/\/www.messinaoggi.it\/website\/wp-content\/uploads\/2017\/05\/Antonio-Caldarella-2.jpeg","author_info":{"display_name":"Maria Antonella Saia","author_link":"https:\/\/www.messinaoggi.it\/website\/author\/m-saia\/"},"digistream_id":0,"digistream":false,"_links":{"self":[{"href":"https:\/\/www.messinaoggi.it\/website\/wp-json\/wp\/v2\/posts\/825"}],"collection":[{"href":"https:\/\/www.messinaoggi.it\/website\/wp-json\/wp\/v2\/posts"}],"about":[{"href":"https:\/\/www.messinaoggi.it\/website\/wp-json\/wp\/v2\/types\/post"}],"author":[{"embeddable":true,"href":"https:\/\/www.messinaoggi.it\/website\/wp-json\/wp\/v2\/users\/5"}],"replies":[{"embeddable":true,"href":"https:\/\/www.messinaoggi.it\/website\/wp-json\/wp\/v2\/comments?post=825"}],"version-history":[{"count":0,"href":"https:\/\/www.messinaoggi.it\/website\/wp-json\/wp\/v2\/posts\/825\/revisions"}],"wp:featuredmedia":[{"embeddable":true,"href":"https:\/\/www.messinaoggi.it\/website\/wp-json\/wp\/v2\/media\/827"}],"wp:attachment":[{"href":"https:\/\/www.messinaoggi.it\/website\/wp-json\/wp\/v2\/media?parent=825"}],"wp:term":[{"taxonomy":"category","embeddable":true,"href":"https:\/\/www.messinaoggi.it\/website\/wp-json\/wp\/v2\/categories?post=825"},{"taxonomy":"post_tag","embeddable":true,"href":"https:\/\/www.messinaoggi.it\/website\/wp-json\/wp\/v2\/tags?post=825"}],"curies":[{"name":"wp","href":"https:\/\/api.w.org\/{rel}","templated":true}]}}