{"id":82476,"date":"2021-10-05T10:39:36","date_gmt":"2021-10-05T08:39:36","guid":{"rendered":"http:\/\/www.messinaoggi.it\/website\/?p=82476"},"modified":"2021-10-05T10:39:36","modified_gmt":"2021-10-05T08:39:36","slug":"disagi-al-copernico-mancano-le-aule","status":"publish","type":"post","link":"https:\/\/www.messinaoggi.it\/website\/2021\/10\/05\/disagi-al-copernico-mancano-le-aule\/","title":{"rendered":"Disagi al Copernico: mancano le aule"},"content":{"rendered":"\n<p>Inizio d&#8217;anno scolastico all&#8217;insegna dei disagi al Copernico di Barcellona Pozzo di Gotto. La carenza di aule alla base dei problemi che stanno costringendo studenti e docenti ai doppi turni.<div id=\"div-gpt-ad-Messinaoggi.it-DSK-300x250-corpoart\" style=\"text-align:center;margin:0 auto;\"><\/div><\/p>\n\n\n\n<p>Le norme imposte dall&#8217;emergenza sanitaria richiedono pi\u00f9 aule da mettere a disposizione degli studenti per rispettare il distanziamento sociale, ma la scuola cittadina non le dispone. La mancanza di aule (circa 12), sta determinando una serie di problemi le cui ricadute sono esclusivamente sugli studenti e il corpo docente.<div id=\"videoincontent\" style=\"clear:both\";><\/div><\/p>\n\n\n\n<figure class=\"wp-block-image size-large\"><img loading=\"lazy\" width=\"1024\" height=\"768\" src=\"http:\/\/www.messinaoggi.it\/website\/wp-content\/uploads\/2021\/10\/7F176F24-8CD8-4B8C-8937-975E7FDC06A1-1024x768.jpeg\" alt=\"\" class=\"wp-image-82470\" srcset=\"https:\/\/www.messinaoggi.it\/website\/wp-content\/uploads\/2021\/10\/7F176F24-8CD8-4B8C-8937-975E7FDC06A1-1024x768.jpeg 1024w, https:\/\/www.messinaoggi.it\/website\/wp-content\/uploads\/2021\/10\/7F176F24-8CD8-4B8C-8937-975E7FDC06A1-300x225.jpeg 300w, https:\/\/www.messinaoggi.it\/website\/wp-content\/uploads\/2021\/10\/7F176F24-8CD8-4B8C-8937-975E7FDC06A1-768x576.jpeg 768w, https:\/\/www.messinaoggi.it\/website\/wp-content\/uploads\/2021\/10\/7F176F24-8CD8-4B8C-8937-975E7FDC06A1-1536x1152.jpeg 1536w, https:\/\/www.messinaoggi.it\/website\/wp-content\/uploads\/2021\/10\/7F176F24-8CD8-4B8C-8937-975E7FDC06A1.jpeg 2048w\" sizes=\"(max-width: 1024px) 100vw, 1024px\" \/><figcaption><strong>L&#8217;Istituto Copernico di Barcellona Pozzo di Gotto<\/strong><\/figcaption><\/figure>\n\n\n\n<p>A quanto pare la Citt\u00e0 Metropolitana di Messina, che la competenza sulle scuole superiori, non \u00e8 stata in grado di affrontare per tempo il problema della carenza di aule e ci\u00f2 sta avendo pesanti ripercussioni sulla popolazione scolastica.<\/p>\n\n\n\n<p>Disagi che sono maggiormente avvertiti dagli studenti provenienti da altri Comuni del comprensorio del Tirreno. Gli studenti si stanno mobilitano e non sono escluse plateali forme di protesta, fanno sapere dal Copernico di Barcellona Pozzo di Gotto.<\/p>\n","protected":false},"excerpt":{"rendered":"<p>Inizio d&#8217;anno scolastico all&#8217;insegna dei disagi al Copernico di Barcellona Pozzo di Gotto. La carenza di aule alla base dei problemi che stanno costringendo studenti e docenti ai doppi turni. Le norme imposte dall&#8217;emergenza sanitaria richiedono pi\u00f9 aule da mettere a disposizione degli studenti per rispettare il distanziamento sociale, ma la scuola cittadina non le [&hellip;]<\/p>\n","protected":false},"author":2,"featured_media":82469,"comment_status":"open","ping_status":"open","sticky":false,"template":"","format":"standard","meta":{"ub_ctt_via":"","_mi_skip_tracking":false},"categories":[13,14],"tags":[1633,764,3155,3154],"featured_image_src":"https:\/\/www.messinaoggi.it\/website\/wp-content\/uploads\/2021\/10\/0CC3D313-5AB4-44D6-834D-2731E663F48C.jpeg","author_info":{"display_name":"Redazione","author_link":"https:\/\/www.messinaoggi.it\/website\/author\/redazione\/"},"digistream_id":0,"digistream":false,"_links":{"self":[{"href":"https:\/\/www.messinaoggi.it\/website\/wp-json\/wp\/v2\/posts\/82476"}],"collection":[{"href":"https:\/\/www.messinaoggi.it\/website\/wp-json\/wp\/v2\/posts"}],"about":[{"href":"https:\/\/www.messinaoggi.it\/website\/wp-json\/wp\/v2\/types\/post"}],"author":[{"embeddable":true,"href":"https:\/\/www.messinaoggi.it\/website\/wp-json\/wp\/v2\/users\/2"}],"replies":[{"embeddable":true,"href":"https:\/\/www.messinaoggi.it\/website\/wp-json\/wp\/v2\/comments?post=82476"}],"version-history":[{"count":1,"href":"https:\/\/www.messinaoggi.it\/website\/wp-json\/wp\/v2\/posts\/82476\/revisions"}],"predecessor-version":[{"id":82477,"href":"https:\/\/www.messinaoggi.it\/website\/wp-json\/wp\/v2\/posts\/82476\/revisions\/82477"}],"wp:featuredmedia":[{"embeddable":true,"href":"https:\/\/www.messinaoggi.it\/website\/wp-json\/wp\/v2\/media\/82469"}],"wp:attachment":[{"href":"https:\/\/www.messinaoggi.it\/website\/wp-json\/wp\/v2\/media?parent=82476"}],"wp:term":[{"taxonomy":"category","embeddable":true,"href":"https:\/\/www.messinaoggi.it\/website\/wp-json\/wp\/v2\/categories?post=82476"},{"taxonomy":"post_tag","embeddable":true,"href":"https:\/\/www.messinaoggi.it\/website\/wp-json\/wp\/v2\/tags?post=82476"}],"curies":[{"name":"wp","href":"https:\/\/api.w.org\/{rel}","templated":true}]}}