{"id":82465,"date":"2021-10-05T08:18:26","date_gmt":"2021-10-05T06:18:26","guid":{"rendered":"http:\/\/www.messinaoggi.it\/website\/?p=82465"},"modified":"2021-10-05T08:18:27","modified_gmt":"2021-10-05T06:18:27","slug":"associazione-stelle-al-merito-sportivo-i-nuovi-vertici","status":"publish","type":"post","link":"https:\/\/www.messinaoggi.it\/website\/2021\/10\/05\/associazione-stelle-al-merito-sportivo-i-nuovi-vertici\/","title":{"rendered":"Associazione Stelle al merito sportivo: i nuovi vertici"},"content":{"rendered":"\n<p>Nuovo Presidente e consiglio direttivo per la Associazione Nazionale Stelle al Merito Sportivo (ANSMeS) di Messina, associazione benemerita del Coni. <div id=\"div-gpt-ad-Messinaoggi.it-DSK-300x250-corpoart\" style=\"text-align:center;margin:0 auto;\"><\/div><\/p>\n\n\n\n<p>\u201cNon c\u2019\u00e8 due senza tre, ha dichiarato il Presidente Nazionale Francesco Conforti, in apertura dell\u2019Assemblea costituente di Messina. In due giorni, si \u00e8 completato il ciclo di rinnovamento dei vertici di Catania, Enna e Messina adesso pu\u00f2 iniziare il percorso di crescita dell\u2019associazione, in Sicilia. Valorizzare le Stelle al Merito Sportivo, promuovere lo sport in ogni settore della societ\u00e0, dai pi\u00f9 giovani ai pi\u00f9 anziani, e in ogni suo aspetto: formativo, culturale e agonistico \u2013 ha proseguito Conforti \u2013 per mettere a frutto esperienze e capacit\u00e0 degli associati, attraverso la collaborazione virtuosa con le Istituzioni sportive, culturali e amministrative, nazionali e locali.\u201d Per Tot\u00f2 Lombardo incaricato regionale, \u201cporteremo avanti, con le nuove dirigenze elette, iniziative in favore dello sport, con attenzione alla diffusione delle pratiche sportive tra i giovani \u2013 con il supporto di scuole e societ\u00e0 \u2013 senza dimenticare ovviamente le necessit\u00e0 di disabili e anziani, in linea con i principi ANSMeS. Il tema di quest\u2019anno \u2013 continua Lombardo \u2013 \u00e8 lo \u201cSport abbatte i muri\u201d, un tema che interessa i quotidiani problemi di integrazione, razzismo e bullismo; criticit\u00e0 reali che fanno parte della nostra societ\u00e0 attuale\u201d. Al termine del dibatto sono stati eletti:<div id=\"videoincontent\" style=\"clear:both\";><\/div><\/p>\n\n\n\n<p>Presidente Massimo Minutoli; Consiglieri: Roberto Aquila Calabr\u00f2, Giuseppe Cannav\u00f2, Nino Scimone e Antonio Villari; Delegati Assemblea Regionale: Letterio Pellizzotto e Antonio Rescifina.<\/p>\n\n\n\n<p>Attestati di stima, sono stati rivolti alla campionessa Carolina Casta, medaglia di bronzo alle Paralimpiadi di Tokio, a cui il presidente nazionale Conforti a consegnato una targa ricordo. Apprezzato infine l\u2019intervento dell\u2019assessore allo sport Francesco Gallo<\/p>\n","protected":false},"excerpt":{"rendered":"<p>Nuovo Presidente e consiglio direttivo per la Associazione Nazionale Stelle al Merito Sportivo (ANSMeS) di Messina, associazione benemerita del Coni. \u201cNon c\u2019\u00e8 due senza tre, ha dichiarato il Presidente Nazionale Francesco Conforti, in apertura dell\u2019Assemblea costituente di Messina. In due giorni, si \u00e8 completato il ciclo di rinnovamento dei vertici di Catania, Enna e Messina [&hellip;]<\/p>\n","protected":false},"author":2,"featured_media":82466,"comment_status":"open","ping_status":"open","sticky":false,"template":"","format":"standard","meta":{"ub_ctt_via":"","_mi_skip_tracking":false},"categories":[8,9],"tags":[833,3153,3152],"featured_image_src":"https:\/\/www.messinaoggi.it\/website\/wp-content\/uploads\/2021\/10\/Comitato-e-presidente-eletti2.jpg","author_info":{"display_name":"Redazione","author_link":"https:\/\/www.messinaoggi.it\/website\/author\/redazione\/"},"digistream_id":0,"digistream":false,"_links":{"self":[{"href":"https:\/\/www.messinaoggi.it\/website\/wp-json\/wp\/v2\/posts\/82465"}],"collection":[{"href":"https:\/\/www.messinaoggi.it\/website\/wp-json\/wp\/v2\/posts"}],"about":[{"href":"https:\/\/www.messinaoggi.it\/website\/wp-json\/wp\/v2\/types\/post"}],"author":[{"embeddable":true,"href":"https:\/\/www.messinaoggi.it\/website\/wp-json\/wp\/v2\/users\/2"}],"replies":[{"embeddable":true,"href":"https:\/\/www.messinaoggi.it\/website\/wp-json\/wp\/v2\/comments?post=82465"}],"version-history":[{"count":1,"href":"https:\/\/www.messinaoggi.it\/website\/wp-json\/wp\/v2\/posts\/82465\/revisions"}],"predecessor-version":[{"id":82467,"href":"https:\/\/www.messinaoggi.it\/website\/wp-json\/wp\/v2\/posts\/82465\/revisions\/82467"}],"wp:featuredmedia":[{"embeddable":true,"href":"https:\/\/www.messinaoggi.it\/website\/wp-json\/wp\/v2\/media\/82466"}],"wp:attachment":[{"href":"https:\/\/www.messinaoggi.it\/website\/wp-json\/wp\/v2\/media?parent=82465"}],"wp:term":[{"taxonomy":"category","embeddable":true,"href":"https:\/\/www.messinaoggi.it\/website\/wp-json\/wp\/v2\/categories?post=82465"},{"taxonomy":"post_tag","embeddable":true,"href":"https:\/\/www.messinaoggi.it\/website\/wp-json\/wp\/v2\/tags?post=82465"}],"curies":[{"name":"wp","href":"https:\/\/api.w.org\/{rel}","templated":true}]}}