{"id":8243,"date":"2017-09-23T08:50:10","date_gmt":"2017-09-23T06:50:10","guid":{"rendered":"http:\/\/www.messinaoggi.it\/website\/?p=8243"},"modified":"2017-09-23T08:50:10","modified_gmt":"2017-09-23T06:50:10","slug":"schifani-allinaugurazione-del-comitato-elettorale-di-germana","status":"publish","type":"post","link":"https:\/\/www.messinaoggi.it\/website\/2017\/09\/23\/schifani-allinaugurazione-del-comitato-elettorale-di-germana\/","title":{"rendered":"Schifani all&#039;inaugurazione del comitato elettorale di German\u00e0"},"content":{"rendered":"<p class=\"p1\"><span class=\"s1\">Il presidente emerito del Senato, Renato Schifani, senatore di Forza Italia sar\u00e0 presente oggi all&#8217;inaugurazione del nuovo comitato elettorale dell&#8217;on. Nino German\u00e0, \u00a0di piazza Cairoli.\u00a0<\/span><div id=\"div-gpt-ad-Messinaoggi.it-DSK-300x250-corpoart\" style=\"text-align:center;margin:0 auto;\"><\/div><\/p>\n<p class=\"p1\"><span class=\"s1\">Appuntamento alle ore 18 per un brindisi augurale e dare il via alla terza campagna elettorale con German\u00e0 protagonista, politico profondamente legato al territorio di Messina e della sua provincia, in particolare della zona tirrenica e nebroidea. <\/span><div id=\"videoincontent\" style=\"clear:both\";><\/div><\/p>\n<p class=\"p1\"><span class=\"s1\">German\u00e0 viene da una lunga storia familiare ed \u00e8 stato eletto nel 2008 col Partito delle Libert\u00e0 alla Camera dei Deputati, nel 2012 all&#8217;Assemblea Regionale Siciliana sostenendo Nello Musumeci presidente e adesso nuovamente nello schieramento di Centro Destra con Forza Italia a sostegno della candidatura di Musumeci. <\/span><\/p>\n","protected":false},"excerpt":{"rendered":"<p>Il presidente emerito del Senato, Renato Schifani, senatore di Forza Italia sar\u00e0 presente oggi all&#8217;inaugurazione del nuovo comitato elettorale dell&#8217;on. Nino German\u00e0, \u00a0di piazza Cairoli.\u00a0 Appuntamento alle ore 18 per un brindisi augurale e dare il via alla terza campagna elettorale con German\u00e0 protagonista, politico profondamente legato al territorio di Messina e della sua provincia, [&hellip;]<\/p>\n","protected":false},"author":2,"featured_media":8244,"comment_status":"closed","ping_status":"open","sticky":false,"template":"","format":"standard","meta":{"ub_ctt_via":"","_mi_skip_tracking":false},"categories":[4],"tags":[],"featured_image_src":"https:\/\/www.messinaoggi.it\/website\/wp-content\/uploads\/2017\/09\/Renato-Schifani-2.jpg","author_info":{"display_name":"Redazione","author_link":"https:\/\/www.messinaoggi.it\/website\/author\/redazione\/"},"digistream_id":0,"digistream":false,"_links":{"self":[{"href":"https:\/\/www.messinaoggi.it\/website\/wp-json\/wp\/v2\/posts\/8243"}],"collection":[{"href":"https:\/\/www.messinaoggi.it\/website\/wp-json\/wp\/v2\/posts"}],"about":[{"href":"https:\/\/www.messinaoggi.it\/website\/wp-json\/wp\/v2\/types\/post"}],"author":[{"embeddable":true,"href":"https:\/\/www.messinaoggi.it\/website\/wp-json\/wp\/v2\/users\/2"}],"replies":[{"embeddable":true,"href":"https:\/\/www.messinaoggi.it\/website\/wp-json\/wp\/v2\/comments?post=8243"}],"version-history":[{"count":0,"href":"https:\/\/www.messinaoggi.it\/website\/wp-json\/wp\/v2\/posts\/8243\/revisions"}],"wp:featuredmedia":[{"embeddable":true,"href":"https:\/\/www.messinaoggi.it\/website\/wp-json\/wp\/v2\/media\/8244"}],"wp:attachment":[{"href":"https:\/\/www.messinaoggi.it\/website\/wp-json\/wp\/v2\/media?parent=8243"}],"wp:term":[{"taxonomy":"category","embeddable":true,"href":"https:\/\/www.messinaoggi.it\/website\/wp-json\/wp\/v2\/categories?post=8243"},{"taxonomy":"post_tag","embeddable":true,"href":"https:\/\/www.messinaoggi.it\/website\/wp-json\/wp\/v2\/tags?post=8243"}],"curies":[{"name":"wp","href":"https:\/\/api.w.org\/{rel}","templated":true}]}}