{"id":82399,"date":"2021-10-04T18:07:34","date_gmt":"2021-10-04T16:07:34","guid":{"rendered":"https:\/\/www.messinaoggi.it\/website\/2021\/10\/04\/pil-visco-crescita-6-possibile-ma-dipende-da-vaccinazioni\/"},"modified":"2021-10-04T18:07:34","modified_gmt":"2021-10-04T16:07:34","slug":"pil-visco-crescita-6-possibile-ma-dipende-da-vaccinazioni","status":"publish","type":"post","link":"https:\/\/www.messinaoggi.it\/website\/2021\/10\/04\/pil-visco-crescita-6-possibile-ma-dipende-da-vaccinazioni\/","title":{"rendered":"Pil, Visco \u201cCrescita 6% possibile ma dipende da vaccinazioni\u201d"},"content":{"rendered":"<div>MILANO (ITALPRESS) &#8211; &#8220;Quest&#8217;anno una crescita del Pil al 6% \u00e8 piu o meno un ordine di grandezza, ma tutto dipende da come il piano di vaccinazione si affermer\u00e0 nel corso dei prossimi mesi&#8221;. Cos\u00ec il governatore della Banca d&#8217;Italia, Ignazio Visco, intervenendo al Made in Italy summit 2021. Visco inoltre ha sottolineato come &#8220;la digitalizzazione dell&#8217;economia sia stata molto incentivata dalla pandemia&#8221; ma che siamo ancora &#8220;indietro se paragonati a livello internazionale, soprattutto per quanto riguarda gli operatori pi\u00f9 piccoli. Esiste un ritardo che va colmato&#8221;, ha sottolineato, spiegando come &#8220;l&#8217;hub milanese della banca centrale cerchi proprio di stimolare in questo senso le iniziative e di indirizzarle in modo corretto&#8221;.<br \/>(ITALPRESS).<\/div>\n<div id=\"div-gpt-ad-Messinaoggi.it-DSK-300x250-corpoart\" style=\"text-align:center;margin:0 auto;\"><\/div><\/p><div id=\"videoincontent\" style=\"clear:both\";><\/div>","protected":false},"excerpt":{"rendered":"<p>MILANO (ITALPRESS) &#8211; &#8220;Quest&#8217;anno una crescita del Pil al 6% \u00e8 piu o meno un ordine di grandezza, ma tutto dipende da come il piano di vaccinazione si affermer\u00e0 nel corso dei prossimi mesi&#8221;. Cos\u00ec il governatore della Banca d&#8217;Italia, Ignazio Visco, intervenendo al Made in Italy summit 2021. Visco inoltre ha sottolineato come &#8220;la [&hellip;]<\/p>\n","protected":false},"author":18,"featured_media":82400,"comment_status":"closed","ping_status":"closed","sticky":false,"template":"","format":"standard","meta":{"ub_ctt_via":"","_mi_skip_tracking":false},"categories":[446],"tags":[783],"featured_image_src":"https:\/\/www.messinaoggi.it\/website\/wp-content\/uploads\/2021\/10\/20211004_1512.jpg","author_info":{"display_name":"Admin","author_link":"https:\/\/www.messinaoggi.it\/website\/author\/admin\/"},"digistream_id":0,"digistream":false,"_links":{"self":[{"href":"https:\/\/www.messinaoggi.it\/website\/wp-json\/wp\/v2\/posts\/82399"}],"collection":[{"href":"https:\/\/www.messinaoggi.it\/website\/wp-json\/wp\/v2\/posts"}],"about":[{"href":"https:\/\/www.messinaoggi.it\/website\/wp-json\/wp\/v2\/types\/post"}],"author":[{"embeddable":true,"href":"https:\/\/www.messinaoggi.it\/website\/wp-json\/wp\/v2\/users\/18"}],"replies":[{"embeddable":true,"href":"https:\/\/www.messinaoggi.it\/website\/wp-json\/wp\/v2\/comments?post=82399"}],"version-history":[{"count":0,"href":"https:\/\/www.messinaoggi.it\/website\/wp-json\/wp\/v2\/posts\/82399\/revisions"}],"wp:featuredmedia":[{"embeddable":true,"href":"https:\/\/www.messinaoggi.it\/website\/wp-json\/wp\/v2\/media\/82400"}],"wp:attachment":[{"href":"https:\/\/www.messinaoggi.it\/website\/wp-json\/wp\/v2\/media?parent=82399"}],"wp:term":[{"taxonomy":"category","embeddable":true,"href":"https:\/\/www.messinaoggi.it\/website\/wp-json\/wp\/v2\/categories?post=82399"},{"taxonomy":"post_tag","embeddable":true,"href":"https:\/\/www.messinaoggi.it\/website\/wp-json\/wp\/v2\/tags?post=82399"}],"curies":[{"name":"wp","href":"https:\/\/api.w.org\/{rel}","templated":true}]}}