{"id":823,"date":"2017-05-29T11:37:53","date_gmt":"2017-05-29T09:37:53","guid":{"rendered":"http:\/\/www.messinaoggi.it\/website\/?p=823"},"modified":"2017-05-29T11:37:53","modified_gmt":"2017-05-29T09:37:53","slug":"dalla-chanson-rinascimentale-alla-musica-pop","status":"publish","type":"post","link":"https:\/\/www.messinaoggi.it\/website\/2017\/05\/29\/dalla-chanson-rinascimentale-alla-musica-pop\/","title":{"rendered":"Dalla chanson rinascimentale alla musica pop"},"content":{"rendered":"<p>Si\u00a0 avvicina a grandi passi\u00a0 uno\u00a0 egli spettacoli pi\u00f9 attesi della Rassegna Teatrale barcellonese,\u00a0 curata dal direttore artistico Sergio Maifredi. Si tratta\u00a0 dello spettacolo\u00a0 dal titolo \u201cCanzoni. Dalla chanson rinascimentale alla musica pop\u201d \u201cCanzoni. Dalla chanson rinascimentale alla musica pop\u201d, che sabato 8 aprile alle ore 21.00, porter\u00e0 sul palco del Teatro Placido Mandanici l\u2019Ensemble Vocale &#8220;Cantica Nova\u201d, diretto da Francesco Saverio Messina, e il Coro Polifonico &#8220;Ouverture&#8221;, diretto da Giovanni Mirabile.<br \/>\n<strong>\u201c<\/strong>Abbiamo gi\u00e0 realizzato progetti musicali con altri cori \u2013 spiega <strong>Francesco Saverio Messina<\/strong> &#8211; ed \u00e8 sempre molto stimolante, dal punto di vista artistico, mettere insieme risorse vocali, idee, energie per realizzare un progetto comune che poi \u00e8 l&#8217;essenza stessa del lavoro corale. Il progetto musicale della serata al \u2018Mandanici\u2019 \u00e8 unico e segue la stessa finalit\u00e0 ma viene realizzato da due \u2018protagonisti\u2019. Non posso che sottolineare la nostra gioia nel collaborare con un\u2019altra bellissima realt\u00e0 della coralit\u00e0 siciliana, come \u00e8 il coro \u2018Ouverture\u2019 di Barcellona\u201d. \u201cOgni volta che le citt\u00e0 di Barcellona e Milazzo si sono unite per realizzare un progetto comune \u2013 sottolinea <strong>Giovanni Mirabile<\/strong> &#8211; sono sempre nate delle bellissime iniziative. La musica corale, che \u00e8 la quintessenza di questo spirito, esalta l\u2019aspetto collaborativo pi\u00f9 di ogni altra forma d\u2019arte. Il nostro incontro ha radici antiche; da sempre abbiamo creato occasioni per unire le nostre forze, trovandone il senso nel desiderio di creare insieme ad altri qualcosa ancora pi\u00f9 bello di quello che si pu\u00f2 creare rimanendo da soli, ma forse mai come in questa occasione siamo stati cos\u00ec uniti nel realizzare un progetto comune. Siamo felici di cantare con i nostri \u2018vicini di casa\u2019 e siamo sicuri che questo bel momento non passer\u00e0 inosservato\u201d.<br \/>\n<img loading=\"lazy\" src=\"http:\/\/www.messinaoggi.eu\/uploads\/Maria%20Antonella%20Saia\/Spettacoli\/coro%20ouverture%20(2).jpg\" alt=\"\" width=\"500\" height=\"237\" \/>Per questo appuntamento speciale, spiegano ad una voce i due direttori, si \u00e8 scelto insieme il repertorio da proporre al pubblico del \u201cMandanici\u201d, facendo leva sulle identit\u00e0 vocali di ciascuno, e rispettando appieno le sensibilit\u00e0 che ne hanno guidato il percorso. Tra contaminazioni e \u201cclassici\u201d, lo spettacolo in teatro sar\u00e0 un momento unico. Al servizio di un obiettivo dichiarato: quello di far emozionare gli spettatori. Emozioni, senso dell\u2019armonia, energia veicolati da quella capacit\u00e0 di mettere in campo, allo stesso momento, passione e professionalit\u00e0.<br \/>\n\u201cQuesto concerto \u2013 aggiunge Messina &#8211; \u00e8 un&#8217;ulteriore occasione per divulgare la musica corale in un luogo e un contesto teatrale solitamente utilizzato per altre forme di spettacolo. Spesso si associa questa musica al genere sacro che in quest&#8217;occasione \u00e8 stato volutamente estromesso per lasciare spazio alla \u2018canzone\u2019 che, sin dal periodo rinascimentale, accompagna il nostro quotidiano, le nostre emozioni, i nostri sogni, le nostre paure\u201d. \u201cSperiamo \u2013 conclude Mirabile &#8211; che un concerto corale in un luogo cos\u00ec significativo per la citt\u00e0 possa saldare ancora di pi\u00f9 queste realt\u00e0 musicali con Barcellona, e possa far appassionare altri al canto corale. I cori sono delle realt\u00e0 sane, esprimono gli stessi valori che dovrebbero animare la societ\u00e0 civile: onest\u00e0 d\u2019intenti, passione e voglia di fare bene in gruppo, rispetto reciproco, convivenza, valorizzazione delle eccellenze ma nello stesso tempo vicinanza e calore umano. Nel coro non ci si sente mai soli, \u00e8 una passione che quando ti prende non ti abbandona pi\u00f9, ed io spero di riuscire a trasmetterla a chi verr\u00e0 ad ascoltarci\u201d.<br \/>\nUn appuntamento \u00a0da non perdere,\u00a0 dunque, per vivere sull\u2019onda delle emozioni pi\u00f9 pure \u00a0una serata che avr\u00e0 come protagonista assoluta la voce.<div id=\"div-gpt-ad-Messinaoggi.it-DSK-300x250-corpoart\" style=\"text-align:center;margin:0 auto;\"><\/div><\/p>\n<div id=\"videoincontent\" style=\"clear:both\";><\/div>","protected":false},"excerpt":{"rendered":"<p>Si\u00a0 avvicina a grandi passi\u00a0 uno\u00a0 egli spettacoli pi\u00f9 attesi della Rassegna Teatrale barcellonese,\u00a0 curata dal direttore artistico Sergio Maifredi. Si tratta\u00a0 dello spettacolo\u00a0 dal titolo \u201cCanzoni. Dalla chanson rinascimentale alla musica pop\u201d \u201cCanzoni. Dalla chanson rinascimentale alla musica pop\u201d, che sabato 8 aprile alle ore 21.00, porter\u00e0 sul palco del Teatro Placido Mandanici l\u2019Ensemble [&hellip;]<\/p>\n","protected":false},"author":5,"featured_media":824,"comment_status":"closed","ping_status":"open","sticky":false,"template":"","format":"standard","meta":{"ub_ctt_via":"","_mi_skip_tracking":false},"categories":[17],"tags":[],"featured_image_src":"https:\/\/www.messinaoggi.it\/website\/wp-content\/uploads\/2017\/05\/Ensemble-Vocale-Cantica-Nova-1-2.jpg","author_info":{"display_name":"Maria Antonella Saia","author_link":"https:\/\/www.messinaoggi.it\/website\/author\/m-saia\/"},"digistream_id":0,"digistream":false,"_links":{"self":[{"href":"https:\/\/www.messinaoggi.it\/website\/wp-json\/wp\/v2\/posts\/823"}],"collection":[{"href":"https:\/\/www.messinaoggi.it\/website\/wp-json\/wp\/v2\/posts"}],"about":[{"href":"https:\/\/www.messinaoggi.it\/website\/wp-json\/wp\/v2\/types\/post"}],"author":[{"embeddable":true,"href":"https:\/\/www.messinaoggi.it\/website\/wp-json\/wp\/v2\/users\/5"}],"replies":[{"embeddable":true,"href":"https:\/\/www.messinaoggi.it\/website\/wp-json\/wp\/v2\/comments?post=823"}],"version-history":[{"count":0,"href":"https:\/\/www.messinaoggi.it\/website\/wp-json\/wp\/v2\/posts\/823\/revisions"}],"wp:featuredmedia":[{"embeddable":true,"href":"https:\/\/www.messinaoggi.it\/website\/wp-json\/wp\/v2\/media\/824"}],"wp:attachment":[{"href":"https:\/\/www.messinaoggi.it\/website\/wp-json\/wp\/v2\/media?parent=823"}],"wp:term":[{"taxonomy":"category","embeddable":true,"href":"https:\/\/www.messinaoggi.it\/website\/wp-json\/wp\/v2\/categories?post=823"},{"taxonomy":"post_tag","embeddable":true,"href":"https:\/\/www.messinaoggi.it\/website\/wp-json\/wp\/v2\/tags?post=823"}],"curies":[{"name":"wp","href":"https:\/\/api.w.org\/{rel}","templated":true}]}}