{"id":82165,"date":"2021-10-02T09:48:50","date_gmt":"2021-10-02T07:48:50","guid":{"rendered":"http:\/\/www.messinaoggi.it\/website\/?p=82165"},"modified":"2021-10-02T09:48:52","modified_gmt":"2021-10-02T07:48:52","slug":"sicilia-vera-chiama-a-raccolta-gli-amministratori-locali","status":"publish","type":"post","link":"https:\/\/www.messinaoggi.it\/website\/2021\/10\/02\/sicilia-vera-chiama-a-raccolta-gli-amministratori-locali\/","title":{"rendered":"Sicilia Vera chiama a raccolta gli amministratori locali"},"content":{"rendered":"\n<p>Pi\u00f9 di 180 amministratori municipali si sono ritrovati a Taormina per la prima giornata dell\u2019assemblea regionale di Sicilia Vera.<div id=\"div-gpt-ad-Messinaoggi.it-DSK-300x250-corpoart\" style=\"text-align:center;margin:0 auto;\"><\/div><\/p>\n\n\n\n<p>Si tratta del primo appuntamento ufficiale che vede il movimento riunito per confrontarsi su alcuni dei temi pi\u00f9 caldi per la Sicilia.<div id=\"videoincontent\" style=\"clear:both\";><\/div><\/p>\n\n\n\n<p>Importanti le presenze politiche con l\u2019intervento dell\u2019On.<strong><em>  Roberto Di Mauro<\/em><\/strong>, Vicepresidente ARS e Segretario Regionale Mov. per la Nuova Autonomia, dell\u2019On. <strong><em>Giancarlo Cancelleri,<\/em><\/strong> Sottosegretario di Stato al Ministero delle infrastrutture e della mobilit\u00e0 sostenibili, dell\u2019On.<strong><em> Raffaele Stancanelli, <\/em><\/strong>Europarlamentare Fratelli d\u2019Italiae l\u2019On. <strong><em> Vincenzo Figuccia, <\/em><\/strong>Deputato ARS Lega.<\/p>\n\n\n\n<p>Se pur su posizioni politiche diverse hanno voluto esserci riconoscendo la necessit\u00e0 di aprire un dialogo su quelli che sono i temi centrali per il futuro della Sicilia.<\/p>\n\n\n\n<p>Dopo i saluti del sindaco di Taormina Mario Bolognari, \u00e8 toccato al Presidente Federale di Sicilia Vera<strong><em> Giuseppe Lombardo<\/em><\/strong> aprire ufficialmente i lavori.<\/p>\n\n\n\n<p>Tra gli argomenti affrontati le problematiche legate alla gestione dell\u2019acqua, dei rifiuti e dell\u2019energia in Sicilia.<\/p>\n\n\n\n<p>Una triade che da sempre rappresenta un capitolo complicato e bistrattato dalla politica regionale.<\/p>\n\n\n\n<p>\u201cSono temi sui quali, ha affermato nella relazione introduttiva il dott. <strong><em>Salvo Puccio<\/em><\/strong>, Dirigente Citt\u00e0 Metropolitana V Direz. Ambiente e Pianificazione, la Sicilia sta a guardare. C\u2019\u00e8 poi un limite che deve essere superato. Innanzitutto, bisogna procedere alla scissione dei due dipartimenti Energia ed Acque e Rifiuti. Non possono coesistere sotto la guida di un solo Assessore e per lunghi tratti temporali con un solo Dirigente Generale ad interim. Bisogna iniziare a tracciare un percorso diverso.\u201d<\/p>\n\n\n\n<p>Sulla gestione emergenziale dei rifiuti in Sicilia \u00e8 intervenuto l\u2019On. <strong><em>Giancarlo Cancelleri,<\/em><\/strong> Sottosegretario di Stato al Ministero delle infrastrutture e della mobilit\u00e0 sostenibili, che rivolgendosi agli amministratori locali presenti in platea ha espresso parole di apprezzamento per il quotidiano lavoro che svolgono.<\/p>\n\n\n\n<p>\u201cRiconosco a tutti voi, ha affermato Cancelleri, il grande merito di aver portato avanti una campagna di sensibilizzazione sul tema dei rifiuti. Possiamo dire che nonostante la gestione<\/p>\n\n\n\n<p>regionale dei rifiuti l\u2019Isola \u00e8 riuscita a raggiungere risultati apprezzabili anche se ancora lontani dalla media nazionale. Questo per\u00f2 non basta. Il punto, ha concluso Cancelleri, \u00e8 che non possiamo pi\u00f9 continuare ad affidare la gestione di un settore cos\u00ec delicato ai privati. \u00c8 necessario puntare su una gestione libera e pubblica.\u201d<\/p>\n\n\n\n<p>Sulla necessit\u00e0 di iniziare a programmare si \u00e8 soffermato l\u2019on. <strong><em>Roberto Di Mauro<\/em><\/strong>, Vicepresidente ARS e Segretario Regionale Mov. per la Nuova Autonomia.<\/p>\n\n\n\n<p>\u201c\u00c8 necessario, ha affermato Di Mauro, iniziare a programmare interventi strutturali che ci consentano di ripartire con strumenti pi\u00f9 efficaci.\u201d<\/p>\n\n\n\n<p>Il secondo tavolo tematico ha visto i relatori confrontarsi sul tema della programmazione dei fondi europei 2021\/2027 e la capacit\u00e0 di spesa della Regione.<\/p>\n\n\n\n<p>\u201cLa regione Siciliana, ha affermato nella sua nota introduttiva la dott.ssa <strong><em>Carlotta Previti, <\/em><\/strong>Vice Sindaco della citt\u00e0 di Messina con delega alla Programmazione, deve affrontare un\u2019importante e decisiva sfida per il suo futuro e per il futuro dei suoi cittadini avviandosi al nuovo ciclo di programmazione 2021\/2027 le cui risorse serviranno a liberare e stimolare il potenziale di crescita dell\u2019economia dando impulso alla produttivit\u00e0 e all\u2019occupazione.\u201d<\/p>\n\n\n\n<p>Incisivo l\u2019intervento dell\u2019On.<strong><em> Raffaele Stancanelli, <\/em><\/strong>Europarlamentare Fratelli d\u2019Italia, che proprio nella sua qualit\u00e0 di europarlamentare ha offerto un quadro complessivo del rapporto della Sicilia con i fondi europei e su quelle che sono le prospettive future. L\u2019on. Stancanelli ha inoltre posto l\u2019accento sull\u2019importante scommessa che la Sicilia si trova a dover affrontare con il PNRR non nascondendo la preoccupazione per la capacit\u00e0 di spesa \u201cvisto che gli ultimi dati aggiornati a luglio di quest\u2019anno, ci dicono che la Sicilia \u00e8 ferma al 38%.\u201d.<\/p>\n\n\n\n<p>Costruttivo e propositivo anche l\u2019intervento dell\u2019on. <strong>Vincenzo Figuccia<\/strong> che ben conosce la macchina amministrativa regionale. \u201cIl risultato di Messina, ha affermato Figuccia, dimostra che \u00e8 possibile raggiungere alte percentuali di spesa ma perch\u00e9 si raggiunga questo risultato la politica deve fare la propria parte prima con la programmazione e poi un\u2019attivit\u00e0 di stimolo alla burocrazia per accorciare i tempi sulle procedure.\u201d<\/p>\n\n\n\n<p>Pi\u00f9 che positivo il bilancio per questa prima giornata. L\u2019appuntamento \u00e8 adesso per domani mattina alle 9:30 con altri due importanti tavoli tematici.<\/p>\n","protected":false},"excerpt":{"rendered":"<p>Pi\u00f9 di 180 amministratori municipali si sono ritrovati a Taormina per la prima giornata dell\u2019assemblea regionale di Sicilia Vera. Si tratta del primo appuntamento ufficiale che vede il movimento riunito per confrontarsi su alcuni dei temi pi\u00f9 caldi per la Sicilia. Importanti le presenze politiche con l\u2019intervento dell\u2019On. Roberto Di Mauro, Vicepresidente ARS e Segretario [&hellip;]<\/p>\n","protected":false},"author":2,"featured_media":82168,"comment_status":"open","ping_status":"open","sticky":false,"template":"","format":"standard","meta":{"ub_ctt_via":"","_mi_skip_tracking":false},"categories":[3],"tags":[3125,3124,73],"featured_image_src":"https:\/\/www.messinaoggi.it\/website\/wp-content\/uploads\/2021\/10\/ajaxmail.jpg","author_info":{"display_name":"Redazione","author_link":"https:\/\/www.messinaoggi.it\/website\/author\/redazione\/"},"digistream_id":0,"digistream":false,"_links":{"self":[{"href":"https:\/\/www.messinaoggi.it\/website\/wp-json\/wp\/v2\/posts\/82165"}],"collection":[{"href":"https:\/\/www.messinaoggi.it\/website\/wp-json\/wp\/v2\/posts"}],"about":[{"href":"https:\/\/www.messinaoggi.it\/website\/wp-json\/wp\/v2\/types\/post"}],"author":[{"embeddable":true,"href":"https:\/\/www.messinaoggi.it\/website\/wp-json\/wp\/v2\/users\/2"}],"replies":[{"embeddable":true,"href":"https:\/\/www.messinaoggi.it\/website\/wp-json\/wp\/v2\/comments?post=82165"}],"version-history":[{"count":1,"href":"https:\/\/www.messinaoggi.it\/website\/wp-json\/wp\/v2\/posts\/82165\/revisions"}],"predecessor-version":[{"id":82169,"href":"https:\/\/www.messinaoggi.it\/website\/wp-json\/wp\/v2\/posts\/82165\/revisions\/82169"}],"wp:featuredmedia":[{"embeddable":true,"href":"https:\/\/www.messinaoggi.it\/website\/wp-json\/wp\/v2\/media\/82168"}],"wp:attachment":[{"href":"https:\/\/www.messinaoggi.it\/website\/wp-json\/wp\/v2\/media?parent=82165"}],"wp:term":[{"taxonomy":"category","embeddable":true,"href":"https:\/\/www.messinaoggi.it\/website\/wp-json\/wp\/v2\/categories?post=82165"},{"taxonomy":"post_tag","embeddable":true,"href":"https:\/\/www.messinaoggi.it\/website\/wp-json\/wp\/v2\/tags?post=82165"}],"curies":[{"name":"wp","href":"https:\/\/api.w.org\/{rel}","templated":true}]}}