{"id":82161,"date":"2021-10-02T09:46:35","date_gmt":"2021-10-02T07:46:35","guid":{"rendered":"http:\/\/www.messinaoggi.it\/website\/?p=82161"},"modified":"2021-10-02T09:46:37","modified_gmt":"2021-10-02T07:46:37","slug":"raffiche-di-denunce-della-municipale-scoperto-deposito-di-rifiuti-speciali","status":"publish","type":"post","link":"https:\/\/www.messinaoggi.it\/website\/2021\/10\/02\/raffiche-di-denunce-della-municipale-scoperto-deposito-di-rifiuti-speciali\/","title":{"rendered":"Raffiche di denunce della municipale, scoperto deposito di rifiuti speciali"},"content":{"rendered":"\n<p>Prosegue l\u2019attivit\u00e0 repressiva della Polizia Municipale contro chi abbandona rifiuti ovunque. Anche il mese di settembre ha registrato una ferrea e costante attivit\u00e0 del Reparto Ambientale della Municipale.<div id=\"div-gpt-ad-Messinaoggi.it-DSK-300x250-corpoart\" style=\"text-align:center;margin:0 auto;\"><\/div><\/p>\n\n\n\n<p>Al comando del Commissario Giovanni Giardina, collaborato dall\u2019Ispettore Capo Giacomo Visalli coordinatore del reparto, sono stati capillari i controlli sul territorio che hanno permesso di individuare i responsabili di illeciti ambientali; nella fattispecie quattro soggetti intenti a trasportare rifiuti speciali pericolosi proveniente dallo sgombero di un appartamento della zona sud della citt\u00e0 e alla successiva combustione degli stessi provocando l\u2019emissione di fumi tossici nell\u2019ambiente circostante. <div id=\"videoincontent\" style=\"clear:both\";><\/div><\/p>\n\n\n\n<p>L\u2019attivit\u00e0 \u00e8 stata supportata dall\u2019utilizzo delle telecamere di videosorveglianza comunale, di recente installazione, che hanno immortalato il passaggio dei mezzi carichi di rifiuti. I soggetti sono stati deferiti all\u2019AG mentre l\u2019area destinata a discarica e i veicoli utilizzati per l\u2019illecita attivit\u00e0 sono stati sottoposti a sequestro giudiziario per la successiva confisca.In un\u2019altra circostanza \u00e8 stato deferito all\u2019A.G. un uomo che utilizzando un magazzino di propriet\u00e0 demaniale si faceva lecito gestire rifiuti speciali (RAEE) mediante lo smembramento degli stessi per la successiva vendita delle parti in rame e metallo. <\/p>\n\n\n\n<figure class=\"wp-block-image size-large\"><img loading=\"lazy\" width=\"1024\" height=\"461\" src=\"https:\/\/www.messinaoggi.it\/website\/wp-content\/uploads\/2021\/10\/8.jpg\" alt=\"\" class=\"wp-image-82162\" srcset=\"https:\/\/www.messinaoggi.it\/website\/wp-content\/uploads\/2021\/10\/8.jpg 1024w, https:\/\/www.messinaoggi.it\/website\/wp-content\/uploads\/2021\/10\/8-300x135.jpg 300w, https:\/\/www.messinaoggi.it\/website\/wp-content\/uploads\/2021\/10\/8-768x346.jpg 768w\" sizes=\"(max-width: 1024px) 100vw, 1024px\" \/><\/figure>\n\n\n\n<p>Il deposito e il veicolo utilizzati per l\u2019illecita attivit\u00e0 sono stati sottoposti a sequestro.A seguito di una segnalazione, inerente l\u2019abbandono di rifiuti in un cortile privato in pieno centro cittadino, sono scattati i controlli sull\u2019intero isolato ed \u00e8 stato scoperto che un locale seminterrato veniva destinato ad uso abitativo ed affittato a due famiglie di nazionalit\u00e0 straniera. L\u2019improvvisata abitazione, ricavata da un deposito, non possedeva i requisiti urbanistici tali da essere destinata ad uso abitativo. L\u2019accesso ai locali avveniva mediante un varco di altezza pari a 1,65 mt ed all\u2019interno il solaio misuravano un\u2019altezza pari a 1,80 mt. Tutti gli ambienti erano privi di finestre o lucifere. Il proprietario \u00e8 stato deferito all\u2019A.G. per il cambio di destinazione d\u2019uso ai sensi dell\u2019art. 44 D.P.R. 380\/01.\u00a0E\u2019 in corso la verifica della compatibilit\u00e0 dei campi elettromagnetici emessi dai ripetitori radiotelefonici (5G) installati in citt\u00e0. Tale attivit\u00e0 promossa dall\u2019Amministrazione comunale \u00e8 supportata da personale tecnico di Arpa Sicilia unitamente al personale della sezione Ambientale. Gi\u00e0 i primi controlli, effettuati con specifica strumentazione hanno permesso di verificare il superamento dei livelli massimi che in ambienti abitati \u00e8 pari a 6 V\/mt. Per tali punti di misurazione saranno avviate ulteriori \u00a0verifiche mediante apposita centralina che ne misurer\u00e0 le emissioni nell\u2019arco delle 24h ed a seguito delle quali scatteranno le sanzioni ed i provvedimenti conseguenziali. \u00a0<\/p>\n\n\n\n<p>In zona Nord \u00e8 stato denunciato il gestore di un ex lido balneare responsabile d\u2019aver \u00a0abbandonato la struttura, a seguito della revoca della Concessione Demaniale, e ad oggi in stato di estremo degrado. La rimozione della struttura e dei rifiuti in essa contenuti sar\u00e0 effettuata dal Comune con addebito delle spese. \u00a0\u00a0Il personale del reparto ha inoltre verbalizzato ai sensi del D.Lgs 152\/06 per abbandono di rifiuti al suolo n\u00b0 5 persone per un complessivo di 3.000\u20ac, ai sensi dell\u2019art. 7 CdS n\u00b0 450 verbali per un complessivo di 18.900\u20ac, ai sensi dell\u2019art. 255 c 8 D.lgs 152\/06 per un complessivo di 2000\u20ac e un verbale ai sensi dell\u2019O.S. 124\/08 di 400,00\u20ac. Inoltre 387 sono state le autovetture rimosse per consentire le operazioni di scerbatura delle strade cittadine.\u00a0Verbalizzati 22 attivit\u00e0 commerciali, operanti a posto fisso nelle aree mercatali, per il mancato conferimento dei rifiuti derivanti dalle stesse attivit\u00e0 a ditte specializzate, per un totale di 2200\u20ac ai sensi del regolamento comunale per lo smaltimento differenziato dei rifiuti D.C.C 95\/2019<\/p>\n","protected":false},"excerpt":{"rendered":"<p>Prosegue l\u2019attivit\u00e0 repressiva della Polizia Municipale contro chi abbandona rifiuti ovunque. Anche il mese di settembre ha registrato una ferrea e costante attivit\u00e0 del Reparto Ambientale della Municipale. Al comando del Commissario Giovanni Giardina, collaborato dall\u2019Ispettore Capo Giacomo Visalli coordinatore del reparto, sono stati capillari i controlli sul territorio che hanno permesso di individuare i [&hellip;]<\/p>\n","protected":false},"author":2,"featured_media":82163,"comment_status":"open","ping_status":"open","sticky":false,"template":"","format":"standard","meta":{"ub_ctt_via":"","_mi_skip_tracking":false},"categories":[5],"tags":[1212,2457,657,3123],"featured_image_src":"https:\/\/www.messinaoggi.it\/website\/wp-content\/uploads\/2021\/10\/1.jpg","author_info":{"display_name":"Redazione","author_link":"https:\/\/www.messinaoggi.it\/website\/author\/redazione\/"},"digistream_id":0,"digistream":false,"_links":{"self":[{"href":"https:\/\/www.messinaoggi.it\/website\/wp-json\/wp\/v2\/posts\/82161"}],"collection":[{"href":"https:\/\/www.messinaoggi.it\/website\/wp-json\/wp\/v2\/posts"}],"about":[{"href":"https:\/\/www.messinaoggi.it\/website\/wp-json\/wp\/v2\/types\/post"}],"author":[{"embeddable":true,"href":"https:\/\/www.messinaoggi.it\/website\/wp-json\/wp\/v2\/users\/2"}],"replies":[{"embeddable":true,"href":"https:\/\/www.messinaoggi.it\/website\/wp-json\/wp\/v2\/comments?post=82161"}],"version-history":[{"count":1,"href":"https:\/\/www.messinaoggi.it\/website\/wp-json\/wp\/v2\/posts\/82161\/revisions"}],"predecessor-version":[{"id":82164,"href":"https:\/\/www.messinaoggi.it\/website\/wp-json\/wp\/v2\/posts\/82161\/revisions\/82164"}],"wp:featuredmedia":[{"embeddable":true,"href":"https:\/\/www.messinaoggi.it\/website\/wp-json\/wp\/v2\/media\/82163"}],"wp:attachment":[{"href":"https:\/\/www.messinaoggi.it\/website\/wp-json\/wp\/v2\/media?parent=82161"}],"wp:term":[{"taxonomy":"category","embeddable":true,"href":"https:\/\/www.messinaoggi.it\/website\/wp-json\/wp\/v2\/categories?post=82161"},{"taxonomy":"post_tag","embeddable":true,"href":"https:\/\/www.messinaoggi.it\/website\/wp-json\/wp\/v2\/tags?post=82161"}],"curies":[{"name":"wp","href":"https:\/\/api.w.org\/{rel}","templated":true}]}}