{"id":82001,"date":"2021-10-01T09:07:32","date_gmt":"2021-10-01T07:07:32","guid":{"rendered":"https:\/\/www.messinaoggi.it\/website\/2021\/10\/01\/salvini-morisi-massacrato-da-settimane-diverso-da-caso-cucchi\/"},"modified":"2021-10-01T09:07:32","modified_gmt":"2021-10-01T07:07:32","slug":"salvini-morisi-massacrato-da-settimane-diverso-da-caso-cucchi","status":"publish","type":"post","link":"https:\/\/www.messinaoggi.it\/website\/2021\/10\/01\/salvini-morisi-massacrato-da-settimane-diverso-da-caso-cucchi\/","title":{"rendered":"Salvini \u201cMorisi massacrato da settimane, diverso da caso Cucchi\u201d"},"content":{"rendered":"<div>ROMA (ITALPRESS) &#8211; &#8220;Il caso Morisi? Lo massacrano da settimane. Non lo sento da giorni. E&#8217; vicenda meschina, attaccano lui per attaccare me. C&#8217;\u00e8 un&#8217;inchiesta senza prove ed un processo gi\u00e0 svolto da una settimana sui giornali. Morisi ha chiesto scusa per un errore privato, lei chiederebbe scusa per cosa fa la sera che non \u00e8 affar mio? Ma se finisse tutto in niente chi gli restituisce la dignit\u00e0? Secondo voi \u00e8 una questione politica fare amore omosessuale a pagamento? &#8216;Salvini difende omosessual\u00ec \u00e8 una battutina squallida, i suoi sorrisini sono fuori luogo. Per me esistono le persone&#8221; . Lo ha dichiarato Matteo Salvini, leader della Lega, a Radio Capital.&#8221;Io dico no al DDL Zan perch\u00e8 ho un&#8217;iudea di famiglia, ma ognuno fa l&#8217;amore con chi vuole. Fare politica su un amico \u00e8 sbagliato, chi usa droga va aiutato, va capito. Non ho fatto cos\u00ec con il caso Cucchi? La verit\u00e0 giudiziaria dice come sono andate le cose. Non confondiamo chi fa uso di droga e chi spaccia&#8221;. &#8220;Io non so cosa fanno nel privato i miei collaboratori o candidati, non sbircio dal buco della serratura, non faccio politica cos\u00ec. Ieri un candidato di sinistra \u00e8 stato condannato a 13 anni per sfruttamento dell&#8217;immigrazione clandestina. Lo ha certificato un Tribunale, qui c&#8217;\u00e8 una condanna, a casa di Luca c&#8217;\u00e8 un&#8217;indagine. La vicenda di Luca \u00e8 molto sospetta&#8221; conclude il leader del Carroccio.<br \/>\n(ITALPRESS).<\/div>\n<div id=\"div-gpt-ad-Messinaoggi.it-DSK-300x250-corpoart\" style=\"text-align:center;margin:0 auto;\"><\/div><\/p><div id=\"videoincontent\" style=\"clear:both\";><\/div>","protected":false},"excerpt":{"rendered":"<p>ROMA (ITALPRESS) &#8211; &#8220;Il caso Morisi? Lo massacrano da settimane. Non lo sento da giorni. E&#8217; vicenda meschina, attaccano lui per attaccare me. C&#8217;\u00e8 un&#8217;inchiesta senza prove ed un processo gi\u00e0 svolto da una settimana sui giornali. Morisi ha chiesto scusa per un errore privato, lei chiederebbe scusa per cosa fa la sera che non [&hellip;]<\/p>\n","protected":false},"author":18,"featured_media":82002,"comment_status":"closed","ping_status":"closed","sticky":false,"template":"","format":"standard","meta":{"ub_ctt_via":"","_mi_skip_tracking":false},"categories":[446],"tags":[783],"featured_image_src":"https:\/\/www.messinaoggi.it\/website\/wp-content\/uploads\/2021\/10\/20211001_0093.jpg","author_info":{"display_name":"Admin","author_link":"https:\/\/www.messinaoggi.it\/website\/author\/admin\/"},"digistream_id":0,"digistream":false,"_links":{"self":[{"href":"https:\/\/www.messinaoggi.it\/website\/wp-json\/wp\/v2\/posts\/82001"}],"collection":[{"href":"https:\/\/www.messinaoggi.it\/website\/wp-json\/wp\/v2\/posts"}],"about":[{"href":"https:\/\/www.messinaoggi.it\/website\/wp-json\/wp\/v2\/types\/post"}],"author":[{"embeddable":true,"href":"https:\/\/www.messinaoggi.it\/website\/wp-json\/wp\/v2\/users\/18"}],"replies":[{"embeddable":true,"href":"https:\/\/www.messinaoggi.it\/website\/wp-json\/wp\/v2\/comments?post=82001"}],"version-history":[{"count":0,"href":"https:\/\/www.messinaoggi.it\/website\/wp-json\/wp\/v2\/posts\/82001\/revisions"}],"wp:featuredmedia":[{"embeddable":true,"href":"https:\/\/www.messinaoggi.it\/website\/wp-json\/wp\/v2\/media\/82002"}],"wp:attachment":[{"href":"https:\/\/www.messinaoggi.it\/website\/wp-json\/wp\/v2\/media?parent=82001"}],"wp:term":[{"taxonomy":"category","embeddable":true,"href":"https:\/\/www.messinaoggi.it\/website\/wp-json\/wp\/v2\/categories?post=82001"},{"taxonomy":"post_tag","embeddable":true,"href":"https:\/\/www.messinaoggi.it\/website\/wp-json\/wp\/v2\/tags?post=82001"}],"curies":[{"name":"wp","href":"https:\/\/api.w.org\/{rel}","templated":true}]}}