{"id":8194,"date":"2017-09-22T23:31:36","date_gmt":"2017-09-22T21:31:36","guid":{"rendered":"http:\/\/www.messinaoggi.it\/website\/?p=8194"},"modified":"2017-09-22T23:31:36","modified_gmt":"2017-09-22T21:31:36","slug":"micciche-vinciamo-grazie-a-crocetta-e-ardizzone","status":"publish","type":"post","link":"https:\/\/www.messinaoggi.it\/website\/2017\/09\/22\/micciche-vinciamo-grazie-a-crocetta-e-ardizzone\/","title":{"rendered":"Miccich\u00e9: &quot;Vinciamo grazie a Crocetta e Ardizzone&quot;"},"content":{"rendered":"<p>&#8220;Quest&#8217;anno vinciamo. Abbiamo avuto un gran&#8230;&#8221;. A dirlo parlando durante una convention elettorale tenutasi a \u00a0Messina \u00e8 stato il commissario di Forza Italia in Sicilia, Gianfranco Miccich\u00e9, che ha aggiunto: &#8220;Stavolta vinciamo sicuramente. Non c&#8217;\u00e8 nessuno che ci pu\u00f2 togliere questa vittoria. Questo Crocetta che ci ha preceduto ci ha fatto un regalo di dimensioni gigantesche. Per me \u00e8 anche facile farmi votare con l&#8217;idea di andare a fare il presidente dell&#8217;Assemblea perch\u00e9 oltre che al peggior presidente della Regione abbiamo avuto anche il peggior presidente dell&#8217;Ars. Per cui sono fortunato&#8221;. &#8220;In questi giorni &#8211; ha raccontato l&#8217;azzurro &#8211; mi chiamano anche quelli del Pd dicendomi: &#8216;Comunque vada noi come presidente dell&#8217;Assemblea ti votiamo perch\u00e9 non possiamo rischiare di avere un altro'&#8221;.<br \/>\nSul palco con Miccich\u00e9 anche Gaetano Armao, leader del movimento SicilianIndignati e candidato alla vice presidente della Regione siciliana del centrodestra, a cui non ha risparmiato gli elogi: &#8220;La presenza di Gaetano Armao \u00e8 fondamentale. Nel mondo dell&#8217;economia non ha eguali in Sicilia e ha &#8216;ricette&#8217; importanti&#8221;. Musumeci? &#8220;Sar\u00e0 un gran presidente perch\u00e9 \u00e8 una persona seria&#8221; ha concluso il il commissario straordinario di FI.<div id=\"div-gpt-ad-Messinaoggi.it-DSK-300x250-corpoart\" style=\"text-align:center;margin:0 auto;\"><\/div><\/p>\n<div id=\"videoincontent\" style=\"clear:both\";><\/div>","protected":false},"excerpt":{"rendered":"<p>&#8220;Quest&#8217;anno vinciamo. Abbiamo avuto un gran&#8230;&#8221;. A dirlo parlando durante una convention elettorale tenutasi a \u00a0Messina \u00e8 stato il commissario di Forza Italia in Sicilia, Gianfranco Miccich\u00e9, che ha aggiunto: &#8220;Stavolta vinciamo sicuramente. Non c&#8217;\u00e8 nessuno che ci pu\u00f2 togliere questa vittoria. Questo Crocetta che ci ha preceduto ci ha fatto un regalo di dimensioni [&hellip;]<\/p>\n","protected":false},"author":2,"featured_media":8222,"comment_status":"closed","ping_status":"open","sticky":false,"template":"","format":"standard","meta":{"ub_ctt_via":"","_mi_skip_tracking":false},"categories":[6],"tags":[],"featured_image_src":"https:\/\/www.messinaoggi.it\/website\/wp-content\/uploads\/2017\/09\/L-genovese-palaculturaRRP_7480-2.jpg","author_info":{"display_name":"Redazione","author_link":"https:\/\/www.messinaoggi.it\/website\/author\/redazione\/"},"digistream_id":0,"digistream":false,"_links":{"self":[{"href":"https:\/\/www.messinaoggi.it\/website\/wp-json\/wp\/v2\/posts\/8194"}],"collection":[{"href":"https:\/\/www.messinaoggi.it\/website\/wp-json\/wp\/v2\/posts"}],"about":[{"href":"https:\/\/www.messinaoggi.it\/website\/wp-json\/wp\/v2\/types\/post"}],"author":[{"embeddable":true,"href":"https:\/\/www.messinaoggi.it\/website\/wp-json\/wp\/v2\/users\/2"}],"replies":[{"embeddable":true,"href":"https:\/\/www.messinaoggi.it\/website\/wp-json\/wp\/v2\/comments?post=8194"}],"version-history":[{"count":0,"href":"https:\/\/www.messinaoggi.it\/website\/wp-json\/wp\/v2\/posts\/8194\/revisions"}],"wp:featuredmedia":[{"embeddable":true,"href":"https:\/\/www.messinaoggi.it\/website\/wp-json\/wp\/v2\/media\/8222"}],"wp:attachment":[{"href":"https:\/\/www.messinaoggi.it\/website\/wp-json\/wp\/v2\/media?parent=8194"}],"wp:term":[{"taxonomy":"category","embeddable":true,"href":"https:\/\/www.messinaoggi.it\/website\/wp-json\/wp\/v2\/categories?post=8194"},{"taxonomy":"post_tag","embeddable":true,"href":"https:\/\/www.messinaoggi.it\/website\/wp-json\/wp\/v2\/tags?post=8194"}],"curies":[{"name":"wp","href":"https:\/\/api.w.org\/{rel}","templated":true}]}}