{"id":81932,"date":"2021-09-30T15:07:37","date_gmt":"2021-09-30T13:07:37","guid":{"rendered":"https:\/\/www.messinaoggi.it\/website\/2021\/09\/30\/mattarella-questo-e-il-momento-di-modernizzare-il-paese\/"},"modified":"2021-09-30T15:07:37","modified_gmt":"2021-09-30T13:07:37","slug":"mattarella-questo-e-il-momento-di-modernizzare-il-paese","status":"publish","type":"post","link":"https:\/\/www.messinaoggi.it\/website\/2021\/09\/30\/mattarella-questo-e-il-momento-di-modernizzare-il-paese\/","title":{"rendered":"Mattarella \u201cQuesto \u00e8 il momento di modernizzare il Paese\u201d"},"content":{"rendered":"<div>MILANO (ITALPRESS) &#8211; &#8220;Questo \u00e8 il momento di modernizzare il Paese, di cogliere l&#8217;occasione non soltanto grazie alle grandi risorse disponibili, ma anche alla riflessione globale che si \u00e8 svolta in tutto il mondo, come avvenuto per modernizzare il paese. Le universit\u00e0 sono chiamate a dare un contributo particolarmente rilevante a questo scopo. Siamo usciti dalla fase acuta della pandemia, stiamo uscendo, lo speriamo, da questa esperienza quando tutto il mondo ne sar\u00e0 fuori. Le universit\u00e0 devono a raccogliere la sfida della modernit\u00e0&#8221;. Lo ha detto il presidente della Repubblica Sergio Mattarella, in occasione dell&#8217;inaugurazione dell&#8217;Anno Accademico 2021-2022 dell&#8217;Universit\u00e0 Milano-Bicocca.<br \/>&#8220;I mutamenti vanno accettati e condotti per non esserne travolti in maniera inconsapevole &#8211; ha sottolineato il capo dello Stato -. L&#8217;universo \u00e8 in costante mutamento, ma non soltanto l&#8217;universo: anche qui siamo in costante mutamento. Questo \u00e8 un richiamo contro coloro che presumono che nulla cambi, che tutto rimanga immobile, rifiutando ogni mutamento, evitando di comprendere che il mondo e le sue condizioni, la convivenza del mondo muta necessariamente&#8221;.<br \/>&#8220;Di questi mutamenti &#8211; ha continuato &#8211; gli atenei sono luogo privilegiato. Per questo le universit\u00e0, con il succedersi del tempo e delle varie generazioni di studenti, mutano non soltanto la condizione umana ma le sensibilit\u00e0, le attese e le prospettive, i caratteri. Per questo le universit\u00e0 sono luoghi i privilegiati per affrontare il cambiamento e indicarne le prospettive, che vanno governate per il bene comune&#8221;.<br \/>(ITALPRESS).<\/div>\n<div id=\"div-gpt-ad-Messinaoggi.it-DSK-300x250-corpoart\" style=\"text-align:center;margin:0 auto;\"><\/div><\/p><div id=\"videoincontent\" style=\"clear:both\";><\/div>","protected":false},"excerpt":{"rendered":"<p>MILANO (ITALPRESS) &#8211; &#8220;Questo \u00e8 il momento di modernizzare il Paese, di cogliere l&#8217;occasione non soltanto grazie alle grandi risorse disponibili, ma anche alla riflessione globale che si \u00e8 svolta in tutto il mondo, come avvenuto per modernizzare il paese. Le universit\u00e0 sono chiamate a dare un contributo particolarmente rilevante a questo scopo. Siamo usciti [&hellip;]<\/p>\n","protected":false},"author":18,"featured_media":81933,"comment_status":"closed","ping_status":"closed","sticky":false,"template":"","format":"standard","meta":{"ub_ctt_via":"","_mi_skip_tracking":false},"categories":[446],"tags":[783],"featured_image_src":"https:\/\/www.messinaoggi.it\/website\/wp-content\/uploads\/2021\/09\/20210930_0803.jpg","author_info":{"display_name":"Admin","author_link":"https:\/\/www.messinaoggi.it\/website\/author\/admin\/"},"digistream_id":0,"digistream":false,"_links":{"self":[{"href":"https:\/\/www.messinaoggi.it\/website\/wp-json\/wp\/v2\/posts\/81932"}],"collection":[{"href":"https:\/\/www.messinaoggi.it\/website\/wp-json\/wp\/v2\/posts"}],"about":[{"href":"https:\/\/www.messinaoggi.it\/website\/wp-json\/wp\/v2\/types\/post"}],"author":[{"embeddable":true,"href":"https:\/\/www.messinaoggi.it\/website\/wp-json\/wp\/v2\/users\/18"}],"replies":[{"embeddable":true,"href":"https:\/\/www.messinaoggi.it\/website\/wp-json\/wp\/v2\/comments?post=81932"}],"version-history":[{"count":0,"href":"https:\/\/www.messinaoggi.it\/website\/wp-json\/wp\/v2\/posts\/81932\/revisions"}],"wp:featuredmedia":[{"embeddable":true,"href":"https:\/\/www.messinaoggi.it\/website\/wp-json\/wp\/v2\/media\/81933"}],"wp:attachment":[{"href":"https:\/\/www.messinaoggi.it\/website\/wp-json\/wp\/v2\/media?parent=81932"}],"wp:term":[{"taxonomy":"category","embeddable":true,"href":"https:\/\/www.messinaoggi.it\/website\/wp-json\/wp\/v2\/categories?post=81932"},{"taxonomy":"post_tag","embeddable":true,"href":"https:\/\/www.messinaoggi.it\/website\/wp-json\/wp\/v2\/tags?post=81932"}],"curies":[{"name":"wp","href":"https:\/\/api.w.org\/{rel}","templated":true}]}}