{"id":8191,"date":"2017-09-22T21:33:31","date_gmt":"2017-09-22T19:33:31","guid":{"rendered":"http:\/\/www.messinaoggi.it\/website\/?p=8191"},"modified":"2017-09-22T21:33:31","modified_gmt":"2017-09-22T19:33:31","slug":"micciche-lancia-la-candidatura-di-luigi-genovese","status":"publish","type":"post","link":"https:\/\/www.messinaoggi.it\/website\/2017\/09\/22\/micciche-lancia-la-candidatura-di-luigi-genovese\/","title":{"rendered":"Miccich\u00e8 lancia la candidatura di Luigi Genovese"},"content":{"rendered":"<p>&#8220;Sono contento della candidatura di Luigi nelle nostre liste e cos\u00ec \u00a0facciamo felice anche il presidente Berlusconi che ci ha detto di candidare giovani; e pi\u00f9 giovani di lui, che ha 21 anni, e&#8217; difficile trovarne&#8221;.<br \/>\nLo ha detto il commissario regionale di FI, <strong>Gianfranco Miccich\u00e9<\/strong>, oggi in citt\u00e0 durante la presentazione della candidatura alle regionali di <strong>Luigi Genovese<\/strong>, figlio del deputato <strong>Francantonio<\/strong>.<br \/>\n<img loading=\"lazy\" class=\"alignnone size-medium wp-image-8215 aligncenter\" src=\"http:\/\/www.messinaoggi.it\/website\/wp-content\/uploads\/2017\/09\/L-genovese-palaculturaRRP_7463-300x200.jpg\" alt=\"\" width=\"300\" height=\"200\" \/><br \/>\n&#8220;Luigi &#8211; ha proseguito Miccich\u00e8 &#8211; ha una esperienza che gli viene dalla sua famiglia. Lui e&#8217; un ragazzo bravissimo ed \u00e8 veramente capace; lo ha dimostrato a scuola e lo sta dimostrando all&#8217;Universit\u00e0. A me fa enorme simpatia e gli auguro tutto il successo di questo mondo perche&#8217; se lo merita lui e la sua famiglia ed e&#8217; bello che FI si rinnova con gente capace&#8221;.<br \/>\nHa parlato a braccio per 23&#8242; Genovese junior, dimostrando di avere grandi capacit\u00e0 dialettiche. Scroscianti gli applausi dei millecinquecento che hanno gremito il Palacultura di Messina, quasi a suggellare la candidatura del &#8220;rampollo&#8221; di casa Genovese.<br \/>\n<img loading=\"lazy\" class=\"alignnone size-medium wp-image-8234 aligncenter\" src=\"http:\/\/www.messinaoggi.it\/website\/wp-content\/uploads\/2017\/09\/L-genovese-palaculturaRRP_7536-300x200.jpg\" alt=\"\" width=\"300\" height=\"200\" \/><br \/>\n&#8220;Questo \u00e8 solo \u00a0l&#8217;inizio di un percorso &#8211; ha detto Genovese junior &#8211; e vediamo che strada prender\u00e0. Siamo carichi di entusiasmo e abbiamo tanta voglia di fare. Non ho un leader di riferimento, devo cercarne di nuovi. Mio padre mi ha dato consigli, su mia richiesta; ed e&#8217; bello avere un genitore che fa questo. E&#8217; la prosecuzione di un percorso. Non sar\u00e0 semplice, ma insieme daremo il meglio di noi&#8221;.<br \/>\n<strong>SERVIZIO FOTOGRAFICO DI ROCCO PAPANDREA<\/strong><br \/>\n[envira-gallery id=&#8221;8240&#8243;]<div id=\"div-gpt-ad-Messinaoggi.it-DSK-300x250-corpoart\" style=\"text-align:center;margin:0 auto;\"><\/div><\/p>\n<div id=\"videoincontent\" style=\"clear:both\";><\/div>","protected":false},"excerpt":{"rendered":"<p>&#8220;Sono contento della candidatura di Luigi nelle nostre liste e cos\u00ec \u00a0facciamo felice anche il presidente Berlusconi che ci ha detto di candidare giovani; e pi\u00f9 giovani di lui, che ha 21 anni, e&#8217; difficile trovarne&#8221;. Lo ha detto il commissario regionale di FI, Gianfranco Miccich\u00e9, oggi in citt\u00e0 durante la presentazione della candidatura alle [&hellip;]<\/p>\n","protected":false},"author":2,"featured_media":8227,"comment_status":"closed","ping_status":"open","sticky":false,"template":"","format":"standard","meta":{"ub_ctt_via":"","_mi_skip_tracking":false},"categories":[4],"tags":[],"featured_image_src":"https:\/\/www.messinaoggi.it\/website\/wp-content\/uploads\/2017\/09\/L-genovese-palaculturaRRP_7511-2.jpg","author_info":{"display_name":"Redazione","author_link":"https:\/\/www.messinaoggi.it\/website\/author\/redazione\/"},"digistream_id":0,"digistream":false,"_links":{"self":[{"href":"https:\/\/www.messinaoggi.it\/website\/wp-json\/wp\/v2\/posts\/8191"}],"collection":[{"href":"https:\/\/www.messinaoggi.it\/website\/wp-json\/wp\/v2\/posts"}],"about":[{"href":"https:\/\/www.messinaoggi.it\/website\/wp-json\/wp\/v2\/types\/post"}],"author":[{"embeddable":true,"href":"https:\/\/www.messinaoggi.it\/website\/wp-json\/wp\/v2\/users\/2"}],"replies":[{"embeddable":true,"href":"https:\/\/www.messinaoggi.it\/website\/wp-json\/wp\/v2\/comments?post=8191"}],"version-history":[{"count":0,"href":"https:\/\/www.messinaoggi.it\/website\/wp-json\/wp\/v2\/posts\/8191\/revisions"}],"wp:featuredmedia":[{"embeddable":true,"href":"https:\/\/www.messinaoggi.it\/website\/wp-json\/wp\/v2\/media\/8227"}],"wp:attachment":[{"href":"https:\/\/www.messinaoggi.it\/website\/wp-json\/wp\/v2\/media?parent=8191"}],"wp:term":[{"taxonomy":"category","embeddable":true,"href":"https:\/\/www.messinaoggi.it\/website\/wp-json\/wp\/v2\/categories?post=8191"},{"taxonomy":"post_tag","embeddable":true,"href":"https:\/\/www.messinaoggi.it\/website\/wp-json\/wp\/v2\/tags?post=8191"}],"curies":[{"name":"wp","href":"https:\/\/api.w.org\/{rel}","templated":true}]}}