{"id":81770,"date":"2021-09-29T12:18:08","date_gmt":"2021-09-29T10:18:08","guid":{"rendered":"http:\/\/www.messinaoggi.it\/website\/?p=81770"},"modified":"2021-09-29T12:18:11","modified_gmt":"2021-09-29T10:18:11","slug":"scerbatura-raffica-di-interventi-nei-prossimi-mesi","status":"publish","type":"post","link":"https:\/\/www.messinaoggi.it\/website\/2021\/09\/29\/scerbatura-raffica-di-interventi-nei-prossimi-mesi\/","title":{"rendered":"Scerbatura, raffica di interventi nei prossimi mesi"},"content":{"rendered":"\n<p>Messinaservizi proseguir\u00e0 con la scerbatura nelle ville, scalinate e nei quartieri della zona Nord, nella zona Centro e nella zona Sud. La partecipata, al riguardo, ha pubblicato un dettagliato calendario degli interventi da realizzare tra ottobre e novembre.<div id=\"div-gpt-ad-Messinaoggi.it-DSK-300x250-corpoart\" style=\"text-align:center;margin:0 auto;\"><\/div><\/p>\n\n\n\n<p><strong>Il calendario degli interventi.<\/strong> Nei mesi di ottobre e novembre non si fermer\u00e0 l&#8217;attivit\u00e0 di scerbatura in tutta la citt\u00e0, con diverse squadre operative nelle aree centro sud e centro nord. Nell\u2019<strong>area centro sud <\/strong>di Messina previsti interventi in<div id=\"videoincontent\" style=\"clear:both\";><\/div><\/p>\n\n\n\n<ul><li>via Vittorio Veneto lato sud, via Catania lato mare, via Gazzi ambo i lati via La Farina lato monte dal 4 al 6 ottobre; via Dante Alighieri lato mare, via La Farina lato monte, via Lucania lato sud, via Roosvelt lato nord dal 4 al 6 ottobre;<\/li><li>via Cremona lato nord, viale Europa lato sud, via Catania lato mare viale San Martino lato monte dal 6 all\u20198 ottobre; via Dante Alighieri lato mare, via San Cosimo lato nord, via La Farina lato monte, via Roosvelt lato sud dal 6 all\u20198 ottobre;<\/li><li>via San Cosimo lato sud, via Napoli lato monte, via Catania lato mare, via Vittorio Veneto lato nord dall\u201911 al 13 ottobre; via Lucania lato nord, via Lazio lato sud, viale San Martino lato mare, via La Farina lato monte dall\u201911 al 13 ottobre;<\/li><li>via Vittorio Veneto lato nord, via Napoli lato mare, via La Farina lato monte, via San Cosimo lato sud dal 13 al 15 ottobre; via Buganza lato nord, viale Europa lato sud, viale San Martino lato mare, via La Farina lato monte dal 13 al 15 ottobre;<\/li><li>via San Cosimo lato sud; via Vittorio Veneto ambo i lati, via La Farina lato mare, via Rovigo lato monte, dal 18 al 20 ottobre; via Lucania lato nord, via Cremona lato sud, via Catania lato mare, viale San Martino lato monte dal 18 al 20 ottobre;<\/li><li>via Vittorio Veneto ambo i lati, via San Cosimo lato sud, via Maregrosso ambo i lati, via Rovigo lato mare dal 20 al 22 ottobre; via Lazio lato nord,via Buganza lato sud, viale San Martino lato mare, via la Farina lato monte dal 20 al 22 ottobre;<\/li><li>via San Cosimo lato nord , via Roma lato sud, via la Farina lato mare, via Maregrosso ambo i lati, dal 25 al 27 ottobre; via Roma lato nord, via Gibilterra ambo i lati, via la Farina lato mare comprese via Salandra e via Croce Rossa, dal 25 al 27 ottobre.<\/li><\/ul>\n\n\n\n<figure class=\"wp-block-image size-large\"><img loading=\"lazy\" width=\"1024\" height=\"725\" src=\"https:\/\/www.messinaoggi.it\/website\/wp-content\/uploads\/2021\/09\/Quadro-dUnioneArea-Centro-Sud_page-0001-1024x725.jpg\" alt=\"\" class=\"wp-image-81772\" srcset=\"https:\/\/www.messinaoggi.it\/website\/wp-content\/uploads\/2021\/09\/Quadro-dUnioneArea-Centro-Sud_page-0001-1024x725.jpg 1024w, https:\/\/www.messinaoggi.it\/website\/wp-content\/uploads\/2021\/09\/Quadro-dUnioneArea-Centro-Sud_page-0001-300x212.jpg 300w, https:\/\/www.messinaoggi.it\/website\/wp-content\/uploads\/2021\/09\/Quadro-dUnioneArea-Centro-Sud_page-0001-768x543.jpg 768w, https:\/\/www.messinaoggi.it\/website\/wp-content\/uploads\/2021\/09\/Quadro-dUnioneArea-Centro-Sud_page-0001-1536x1087.jpg 1536w, https:\/\/www.messinaoggi.it\/website\/wp-content\/uploads\/2021\/09\/Quadro-dUnioneArea-Centro-Sud_page-0001-310x220.jpg 310w, https:\/\/www.messinaoggi.it\/website\/wp-content\/uploads\/2021\/09\/Quadro-dUnioneArea-Centro-Sud_page-0001.jpg 1754w\" sizes=\"(max-width: 1024px) 100vw, 1024px\" \/><\/figure>\n\n\n\n<p>Nella <strong>zona centro nord<\/strong> previsti interventi in:<\/p>\n\n\n\n<ul><li>via Palermo lato nord, via Alessandro Manzoni lato sud, via Principe Tommaso lato mare, viale Regina Elena lato monte, dall\u201911 al 12 ottobre; via Gran Priorato ambo i lati, viale della libert\u00e0 lato monte, via G. Garibaldi lato mare, via Santa Maria dell&#8217;Arco lato sud, dall\u201911 al 12 ottobre;<\/li><li>via Alessandro Manzoni lato nord, viale Giostra lato sud, viale Regina Elena lato monte, via Principe Tommaso lato mare dal 13 al 14 ottobre; via Santa Maria dell&#8217;Arco lato nord, via Fata Morgana lato sud, via G. Garibaldi lato mare, viale della Libert\u00e0 lato monte, dal 13 al 14 ottobre;<\/li><li>via Palermo lato nord, via Alessandro Manzoni lato sud, via Guglielmo Pepe lato monte, viale Regina Elena lato mare, dal 15 al 16 ottobre; via G.Garibaldi lato mare, viale della libert\u00e0 lato monte, via Fata Morgana lato nord, via Trapani lato sud, dal 15 al 16 ottobre;<\/li><li>via Alessandro Manzoni lato nord, viale Giostra lato sud, viale Regina Elena lato mare, via Guglielmo Pepe lato monte, dal 18 al 19 ottobre;<\/li><li>via Trapani lato nord, viale Giostra lato sud, via G. Garibaldi lato mare, viale della Libert\u00e0 lato monte, dal 18 al 20 ottobre;<\/li><li>via Guglielmo Pepe lato mare, via G. Garibaldi lato monte, via Alessandro Manzoni lato nord, viale Giostra lato sud compresa via Legnano lato nord alle dalle ore 20:00 alle 06:00, dal 20 al 21 ottobre;<\/li><li>via Guglielmo Pepe lato mare, via Palermo lato nord, via Alessandro Manzoni lato sud, via G. Garibaldi lato monte comprese via Legano lato sud e via Cicala ambo i lati dal 22 al 25 ottobre;<\/li><li>viale Giostra lato nord, via Bellinzona lato sud, via G.del Duca lato monte, viale Regina Elena lato mare, dal 25 al 26 ottobre;<\/li><li>via G.Garibaldi lato mare, viale della libert\u00e0 lato monte, viale Giostra lato nord, via Istria lato sud, dal 25 al 27 ottobre; via Palermo lato nord, viale Giostra lato sud, via Seminario Estivo lato mare, via Principe Tommaso lato monte, dal 27 al 29 ottobre;<\/li><li>via Bellinzona lato nord, via G. del Duca lato monte, viale Regina Elena lato mare, via Galatti ambo i lati, via Onofrio Gabriele ambo i lati, dal 27 al 28 ottobre;<\/li><li>via G. del Duca lato mare, via G. Garibaldi lato monte, viale Giostra lato nord, via Bellinzona lato sud, dal 2 novembre al 3 novembre;<\/li><li>viale della libert\u00e0 lato monte, via G.Garibaldi lato mare, via Istria lato nord, via Po ambo i lati, via Pietro Cuppari ambo i lati, dal 2 novembre al 4 novembre;<\/li><li>via G. del Duca lato mare, via Bellinzona lato nord, via G. Garibaldi lato monte, via Onofrio Gabriele ambo i lati, dal 4 al 5 novembre; viale della libert\u00e0 lato monte da Rotonda Annunziata a via Brasile, dal 4 al 5 novembre;<\/li><li>viale della Libert\u00e0 lato monte da via Brasile a viale Giostra, dall&#8217;8 al 9 novembre; via Torrente Trapani lato nord, da viale regina Margherita a N\u00b0Civ. 50, dall\u20198 al 9 novembre;<\/li><li>viale della Libert\u00e0 lato mare da viale Giostra a via Brasile dal 10 all&#8217;11 novembre; via Torrente Trapani lato sud da viale Regina Margherita a N\u00b0 Civ. 50, dal 10 all&#8217;11 novembre, via Leonardo Sciascia lato nord da viale Regina Elena a Rotonda ore 20:00 -06:00 l\u201911 novembre;<\/li><li>via Leonardo Sciascia lato sud, da viale Regina Elena a Rotonda ore 20:00 &#8211; 06:00, il 12 novembre;<\/li><li>viale della libert\u00e0 lato mare da via Brasile a Rotonda Annunziata dal 12 al 13 novembre; via Olimpia da scuola San. Francesco di Paola a viale Regina Elena dal 12 al 13 Novembre.<\/li><\/ul>\n\n\n\n<figure class=\"wp-block-image size-large\"><img loading=\"lazy\" width=\"1024\" height=\"725\" src=\"https:\/\/www.messinaoggi.it\/website\/wp-content\/uploads\/2021\/09\/Quadro-dUnioneArea-Centro-Nord_page-0001-1024x725.jpg\" alt=\"\" class=\"wp-image-81773\" srcset=\"https:\/\/www.messinaoggi.it\/website\/wp-content\/uploads\/2021\/09\/Quadro-dUnioneArea-Centro-Nord_page-0001-1024x725.jpg 1024w, https:\/\/www.messinaoggi.it\/website\/wp-content\/uploads\/2021\/09\/Quadro-dUnioneArea-Centro-Nord_page-0001-300x212.jpg 300w, https:\/\/www.messinaoggi.it\/website\/wp-content\/uploads\/2021\/09\/Quadro-dUnioneArea-Centro-Nord_page-0001-768x543.jpg 768w, https:\/\/www.messinaoggi.it\/website\/wp-content\/uploads\/2021\/09\/Quadro-dUnioneArea-Centro-Nord_page-0001-1536x1087.jpg 1536w, https:\/\/www.messinaoggi.it\/website\/wp-content\/uploads\/2021\/09\/Quadro-dUnioneArea-Centro-Nord_page-0001-310x220.jpg 310w, https:\/\/www.messinaoggi.it\/website\/wp-content\/uploads\/2021\/09\/Quadro-dUnioneArea-Centro-Nord_page-0001.jpg 1754w\" sizes=\"(max-width: 1024px) 100vw, 1024px\" \/><\/figure>\n","protected":false},"excerpt":{"rendered":"<p>Messinaservizi proseguir\u00e0 con la scerbatura nelle ville, scalinate e nei quartieri della zona Nord, nella zona Centro e nella zona Sud. La partecipata, al riguardo, ha pubblicato un dettagliato calendario degli interventi da realizzare tra ottobre e novembre. Il calendario degli interventi. Nei mesi di ottobre e novembre non si fermer\u00e0 l&#8217;attivit\u00e0 di scerbatura in [&hellip;]<\/p>\n","protected":false},"author":8,"featured_media":81771,"comment_status":"open","ping_status":"open","sticky":false,"template":"","format":"standard","meta":{"ub_ctt_via":"","_mi_skip_tracking":false},"categories":[5],"tags":[1553,2366],"featured_image_src":"https:\/\/www.messinaoggi.it\/website\/wp-content\/uploads\/2021\/09\/scerbatura.jpg","author_info":{"display_name":"red..me","author_link":"https:\/\/www.messinaoggi.it\/website\/author\/redstage\/"},"digistream_id":0,"digistream":false,"_links":{"self":[{"href":"https:\/\/www.messinaoggi.it\/website\/wp-json\/wp\/v2\/posts\/81770"}],"collection":[{"href":"https:\/\/www.messinaoggi.it\/website\/wp-json\/wp\/v2\/posts"}],"about":[{"href":"https:\/\/www.messinaoggi.it\/website\/wp-json\/wp\/v2\/types\/post"}],"author":[{"embeddable":true,"href":"https:\/\/www.messinaoggi.it\/website\/wp-json\/wp\/v2\/users\/8"}],"replies":[{"embeddable":true,"href":"https:\/\/www.messinaoggi.it\/website\/wp-json\/wp\/v2\/comments?post=81770"}],"version-history":[{"count":1,"href":"https:\/\/www.messinaoggi.it\/website\/wp-json\/wp\/v2\/posts\/81770\/revisions"}],"predecessor-version":[{"id":81774,"href":"https:\/\/www.messinaoggi.it\/website\/wp-json\/wp\/v2\/posts\/81770\/revisions\/81774"}],"wp:featuredmedia":[{"embeddable":true,"href":"https:\/\/www.messinaoggi.it\/website\/wp-json\/wp\/v2\/media\/81771"}],"wp:attachment":[{"href":"https:\/\/www.messinaoggi.it\/website\/wp-json\/wp\/v2\/media?parent=81770"}],"wp:term":[{"taxonomy":"category","embeddable":true,"href":"https:\/\/www.messinaoggi.it\/website\/wp-json\/wp\/v2\/categories?post=81770"},{"taxonomy":"post_tag","embeddable":true,"href":"https:\/\/www.messinaoggi.it\/website\/wp-json\/wp\/v2\/tags?post=81770"}],"curies":[{"name":"wp","href":"https:\/\/api.w.org\/{rel}","templated":true}]}}