{"id":81752,"date":"2021-09-29T12:01:39","date_gmt":"2021-09-29T10:01:39","guid":{"rendered":"http:\/\/www.messinaoggi.it\/website\/?p=81752"},"modified":"2021-09-29T12:01:50","modified_gmt":"2021-09-29T10:01:50","slug":"torna-notte-darte-sabato-al-via-alla-terza-edizione","status":"publish","type":"post","link":"https:\/\/www.messinaoggi.it\/website\/2021\/09\/29\/torna-notte-darte-sabato-al-via-alla-terza-edizione\/","title":{"rendered":"Torna \u201cNotte D&#8217;Arte\u201d: sabato al via alla terza edizione"},"content":{"rendered":"\n<p>Dopo due anni di stop a causa della pandemia, si terr\u00e0 questo fine settimana la terza edizione di \u201cNotte D&#8217;Arte\u201d, l&#8217;iniziativa organizzata dall\u2019associazione \u201cImpronte Messina\u201d e patrocinata, tra gli altri, dal comune e dalla citta metropolitana di Messina. Questa mattina l\u2019assessore alla Cultura Enzo Caruso, durante un&#8217;apposita conferenza stampa che si \u00e8 tenuta a Palazzo Zanca, ha annunciato che l&#8217;iniziativa sar\u00e0 inaugurata sabato 2 ottobre alle 19 e 30 nel Palazzo Arcivescovile e alle 20.30 a Palazzo Zanca. \u201cNotte D&#8217;Arte\u201d si concluder\u00e0 il giorno dopo. Domenica 3 ottobre.<div id=\"div-gpt-ad-Messinaoggi.it-DSK-300x250-corpoart\" style=\"text-align:center;margin:0 auto;\"><\/div><\/p>\n\n\n\n<p>A patrocinare l&#8217;iniziativa figurano altres\u00ec l\u2019Arcidiocesi Di Messina, Lipari e S. Lucia Del Mela; l\u2019Universit\u00e0 degli Studi di Messina; il Museo Regionale Interdisciplinare di Messina; gli Ordini dei Medici Chirurghi e degli Odontoiatri e degli Architetti P.P.C di Messina; la Fondazione Antonio Presti Fiumara d\u2019Arte; la Fondazione Architetti nel Mediterraneo; l\u2019ENS \u2013 Ente Nazionale Sordi sezione provinciale di Messina; la Rete dei borghi; il CESV \u2013 Centro di Servizio per il Volontariato di Messina; il Coni; il CSEN \u2013 Centro Sportivo Educativo Nazionale; la Fisdir \u2013 Federazione italiana sport paralimpici degli intellettivo relazionali; e l\u2019INBAR \u2013 Istituto Nazionale di bioarchitettura.<div id=\"videoincontent\" style=\"clear:both\";><\/div><\/p>\n\n\n\n<p>\u201cCi siamo dovuti addormentare per quasi due anni a causa del Covid, \u2013 ha spiegato l\u2019assessore Caruso nel suo discorso introduttivo \u2013 dopo che Messina stava cominciando finalmente a respirare aria di cultura e di accoglienza e invece la pandemia ha interrotto un nuovo percorso. Qualsiasi manifestazione, dalla Notte D\u2019Arte al FAI, dalle Vie dei Tesori a ci\u00f2 che pu\u00f2 aggiungersi, \u00e8 ben accolta dal sindaco Cateno De Luca e dall\u2019Amministrazione comunale, che ne favoriscono l\u2019organizzazione e la diffusione a beneficio della collettivit\u00e0 in quanto questi eventi, insieme al valore primario della cultura, possono incrementare anche l\u2019offerta turistica e della sosta in citt\u00e0. Le associazioni portano entusiasmo e devono esprimere le loro potenzialit\u00e0 in sinergia con le Istituzioni\u201d.<\/p>\n\n\n\n<p>L\u2019evento \u00e8 stato presentato alla stampa dai direttori artistici Marisa Arena, Gianfranco Pistorio e Antonella Arena; dal poeta e scrittore Lillo Alessandro; e da Michele Palamara per la \u201cRete dei borghi\u201d. Madrina della manifestazione l\u2019attrice Daniela Conti. L\u2019edizione 2021 dedicher\u00e0 particolare attenzione all\u2019Identit\u00e0 Siciliana e coinvolger\u00e0 12 location cittadine tra palazzi istituzionali, piazze e luoghi di ritrovo che ospiteranno mostre e iniziative culturali cui parteciperanno artisti e performers per dare spazio ad ogni espressione artistica e creativa con l\u2019obiettivo di sensibilizzare e informare la cittadinanza sulla sclerosi multipla, a cura dell\u2019Associazione CCSVI.<\/p>\n","protected":false},"excerpt":{"rendered":"<p>Dopo due anni di stop a causa della pandemia, si terr\u00e0 questo fine settimana la terza edizione di \u201cNotte D&#8217;Arte\u201d, l&#8217;iniziativa organizzata dall\u2019associazione \u201cImpronte Messina\u201d e patrocinata, tra gli altri, dal comune e dalla citta metropolitana di Messina. Questa mattina l\u2019assessore alla Cultura Enzo Caruso, durante un&#8217;apposita conferenza stampa che si \u00e8 tenuta a Palazzo [&hellip;]<\/p>\n","protected":false},"author":8,"featured_media":24297,"comment_status":"open","ping_status":"open","sticky":false,"template":"","format":"standard","meta":{"ub_ctt_via":"","_mi_skip_tracking":false},"categories":[16],"tags":[],"featured_image_src":"https:\/\/www.messinaoggi.it\/website\/wp-content\/uploads\/2018\/09\/Notte-dArte-mostra-Salonia.jpg","author_info":{"display_name":"red..me","author_link":"https:\/\/www.messinaoggi.it\/website\/author\/redstage\/"},"digistream_id":0,"digistream":false,"_links":{"self":[{"href":"https:\/\/www.messinaoggi.it\/website\/wp-json\/wp\/v2\/posts\/81752"}],"collection":[{"href":"https:\/\/www.messinaoggi.it\/website\/wp-json\/wp\/v2\/posts"}],"about":[{"href":"https:\/\/www.messinaoggi.it\/website\/wp-json\/wp\/v2\/types\/post"}],"author":[{"embeddable":true,"href":"https:\/\/www.messinaoggi.it\/website\/wp-json\/wp\/v2\/users\/8"}],"replies":[{"embeddable":true,"href":"https:\/\/www.messinaoggi.it\/website\/wp-json\/wp\/v2\/comments?post=81752"}],"version-history":[{"count":1,"href":"https:\/\/www.messinaoggi.it\/website\/wp-json\/wp\/v2\/posts\/81752\/revisions"}],"predecessor-version":[{"id":81753,"href":"https:\/\/www.messinaoggi.it\/website\/wp-json\/wp\/v2\/posts\/81752\/revisions\/81753"}],"wp:featuredmedia":[{"embeddable":true,"href":"https:\/\/www.messinaoggi.it\/website\/wp-json\/wp\/v2\/media\/24297"}],"wp:attachment":[{"href":"https:\/\/www.messinaoggi.it\/website\/wp-json\/wp\/v2\/media?parent=81752"}],"wp:term":[{"taxonomy":"category","embeddable":true,"href":"https:\/\/www.messinaoggi.it\/website\/wp-json\/wp\/v2\/categories?post=81752"},{"taxonomy":"post_tag","embeddable":true,"href":"https:\/\/www.messinaoggi.it\/website\/wp-json\/wp\/v2\/tags?post=81752"}],"curies":[{"name":"wp","href":"https:\/\/api.w.org\/{rel}","templated":true}]}}