{"id":81439,"date":"2021-09-26T17:07:32","date_gmt":"2021-09-26T15:07:32","guid":{"rendered":"https:\/\/www.messinaoggi.it\/website\/2021\/09\/26\/bonomi-confindustria-non-vuole-fare-un-partito\/"},"modified":"2021-09-26T17:07:32","modified_gmt":"2021-09-26T15:07:32","slug":"bonomi-confindustria-non-vuole-fare-un-partito","status":"publish","type":"post","link":"https:\/\/www.messinaoggi.it\/website\/2021\/09\/26\/bonomi-confindustria-non-vuole-fare-un-partito\/","title":{"rendered":"Bonomi \u201cConfindustria non vuole fare un partito\u201d"},"content":{"rendered":"<div>ROMA (ITALPRESS) &#8211; &#8220;Il governo Draghi ha fatto le cose che servivano al Paese, Confindustria non \u00e8 il suo partito. Lo spirito del patto \u00e8 dovuto a un momento storico eccezionale con le risorse del Next Generation UE. Stiamo richiamando l&#8217;opera del governo e dei partiti e di tutti quelli che con buona volont\u00e0 vogliono lavorare nella direzione delle riforme. Confindustria non si candida assolutamente a fare un partito. E&#8217; un&#8217;occasione storica per il Paese e non vogliamo che il gioco dei partiti metta a rischio quello che il Paese aspetta da 30 anni, cio\u00e8 le riforme&#8221;. Lo ha dichiarato il Presidente di Confindustria, Carlo Bonomi a Mezz&#8217;ora in pi\u00f9 su Rai3. Poi ha continuato: &#8220;Abbiamo la possibilit\u00e0 di fare le riforme per gli ammortizzatori sociali, del fisco, della concorrenza e non ci possiamo permettere rallentamenti. Non dimentichiamoci che le risorse del Next Generation sono condizionate alla riforme&#8221;.<br \/>(ITALPRESS).<\/div>\n<div id=\"div-gpt-ad-Messinaoggi.it-DSK-300x250-corpoart\" style=\"text-align:center;margin:0 auto;\"><\/div><\/p><div id=\"videoincontent\" style=\"clear:both\";><\/div>","protected":false},"excerpt":{"rendered":"<p>ROMA (ITALPRESS) &#8211; &#8220;Il governo Draghi ha fatto le cose che servivano al Paese, Confindustria non \u00e8 il suo partito. Lo spirito del patto \u00e8 dovuto a un momento storico eccezionale con le risorse del Next Generation UE. Stiamo richiamando l&#8217;opera del governo e dei partiti e di tutti quelli che con buona volont\u00e0 vogliono [&hellip;]<\/p>\n","protected":false},"author":18,"featured_media":81440,"comment_status":"closed","ping_status":"closed","sticky":false,"template":"","format":"standard","meta":{"ub_ctt_via":"","_mi_skip_tracking":false},"categories":[446],"tags":[783],"featured_image_src":"https:\/\/www.messinaoggi.it\/website\/wp-content\/uploads\/2021\/09\/20210926_1019.jpg","author_info":{"display_name":"Admin","author_link":"https:\/\/www.messinaoggi.it\/website\/author\/admin\/"},"digistream_id":0,"digistream":false,"_links":{"self":[{"href":"https:\/\/www.messinaoggi.it\/website\/wp-json\/wp\/v2\/posts\/81439"}],"collection":[{"href":"https:\/\/www.messinaoggi.it\/website\/wp-json\/wp\/v2\/posts"}],"about":[{"href":"https:\/\/www.messinaoggi.it\/website\/wp-json\/wp\/v2\/types\/post"}],"author":[{"embeddable":true,"href":"https:\/\/www.messinaoggi.it\/website\/wp-json\/wp\/v2\/users\/18"}],"replies":[{"embeddable":true,"href":"https:\/\/www.messinaoggi.it\/website\/wp-json\/wp\/v2\/comments?post=81439"}],"version-history":[{"count":0,"href":"https:\/\/www.messinaoggi.it\/website\/wp-json\/wp\/v2\/posts\/81439\/revisions"}],"wp:featuredmedia":[{"embeddable":true,"href":"https:\/\/www.messinaoggi.it\/website\/wp-json\/wp\/v2\/media\/81440"}],"wp:attachment":[{"href":"https:\/\/www.messinaoggi.it\/website\/wp-json\/wp\/v2\/media?parent=81439"}],"wp:term":[{"taxonomy":"category","embeddable":true,"href":"https:\/\/www.messinaoggi.it\/website\/wp-json\/wp\/v2\/categories?post=81439"},{"taxonomy":"post_tag","embeddable":true,"href":"https:\/\/www.messinaoggi.it\/website\/wp-json\/wp\/v2\/tags?post=81439"}],"curies":[{"name":"wp","href":"https:\/\/api.w.org\/{rel}","templated":true}]}}