{"id":81430,"date":"2021-09-26T16:07:34","date_gmt":"2021-09-26T14:07:34","guid":{"rendered":"https:\/\/www.messinaoggi.it\/website\/2021\/09\/26\/di-maio-dobbiamo-remare-tutti-nella-stessa-direzione\/"},"modified":"2021-09-26T16:07:34","modified_gmt":"2021-09-26T14:07:34","slug":"di-maio-dobbiamo-remare-tutti-nella-stessa-direzione","status":"publish","type":"post","link":"https:\/\/www.messinaoggi.it\/website\/2021\/09\/26\/di-maio-dobbiamo-remare-tutti-nella-stessa-direzione\/","title":{"rendered":"Di Maio \u201cdobbiamo remare tutti nella stessa direzione\u201d"},"content":{"rendered":"<div>ROMA (ITALPRESS) &#8211; &#8220;Le parti sociali hanno sempre giocato un ruolo importante di responsabilit\u00e0 nazionale, l&#8217;applauso di Confindustria a Draghi non lo vedo come investitura di un loro leader, \u00e8 importante per\u00f2 sostenere un paese che si avvia al 6% di crescita e va verso il record di export. Sostengo l&#8217;idea di patto e vorrei che sia inclusivo e mirato a consolidare le iniziative. E&#8217; un patto che deve tenere al centro il benessere del Paese, dobbiamo remare tutti nella stessa direzione. Gi\u00e0 ci sono litigi tra i partiti, non vorrei litigi pure tra le parti sociali&#8221;. Lo ha dichiarato il Ministro degli Esteri, Luigi Di Maio, a Mezz&#8217;ora in pi\u00f9 su Rai3 e ha aggiunto: &#8220;Draghi dopo il 2023? Non credo ci sia la volont\u00e0 del diretto interessato. Ora dobbiamo portare a termine la campagna vaccinale, ho ricevuto complimenti a New York per la percentuale di vaccinati raggiunta in Italia, e portare a casa il PNRR, dobbiamo essere concentrati sulle riforme. I retroscena li lascio ai retro scenisti, io penso ai fatti&#8221;.<br \/>(ITALPRESS).<\/div>\n<div id=\"div-gpt-ad-Messinaoggi.it-DSK-300x250-corpoart\" style=\"text-align:center;margin:0 auto;\"><\/div><\/p><div id=\"videoincontent\" style=\"clear:both\";><\/div>","protected":false},"excerpt":{"rendered":"<p>ROMA (ITALPRESS) &#8211; &#8220;Le parti sociali hanno sempre giocato un ruolo importante di responsabilit\u00e0 nazionale, l&#8217;applauso di Confindustria a Draghi non lo vedo come investitura di un loro leader, \u00e8 importante per\u00f2 sostenere un paese che si avvia al 6% di crescita e va verso il record di export. Sostengo l&#8217;idea di patto e vorrei [&hellip;]<\/p>\n","protected":false},"author":18,"featured_media":81431,"comment_status":"closed","ping_status":"closed","sticky":false,"template":"","format":"standard","meta":{"ub_ctt_via":"","_mi_skip_tracking":false},"categories":[446],"tags":[783],"featured_image_src":"https:\/\/www.messinaoggi.it\/website\/wp-content\/uploads\/2021\/09\/20210926_0758.jpg","author_info":{"display_name":"Admin","author_link":"https:\/\/www.messinaoggi.it\/website\/author\/admin\/"},"digistream_id":0,"digistream":false,"_links":{"self":[{"href":"https:\/\/www.messinaoggi.it\/website\/wp-json\/wp\/v2\/posts\/81430"}],"collection":[{"href":"https:\/\/www.messinaoggi.it\/website\/wp-json\/wp\/v2\/posts"}],"about":[{"href":"https:\/\/www.messinaoggi.it\/website\/wp-json\/wp\/v2\/types\/post"}],"author":[{"embeddable":true,"href":"https:\/\/www.messinaoggi.it\/website\/wp-json\/wp\/v2\/users\/18"}],"replies":[{"embeddable":true,"href":"https:\/\/www.messinaoggi.it\/website\/wp-json\/wp\/v2\/comments?post=81430"}],"version-history":[{"count":0,"href":"https:\/\/www.messinaoggi.it\/website\/wp-json\/wp\/v2\/posts\/81430\/revisions"}],"wp:featuredmedia":[{"embeddable":true,"href":"https:\/\/www.messinaoggi.it\/website\/wp-json\/wp\/v2\/media\/81431"}],"wp:attachment":[{"href":"https:\/\/www.messinaoggi.it\/website\/wp-json\/wp\/v2\/media?parent=81430"}],"wp:term":[{"taxonomy":"category","embeddable":true,"href":"https:\/\/www.messinaoggi.it\/website\/wp-json\/wp\/v2\/categories?post=81430"},{"taxonomy":"post_tag","embeddable":true,"href":"https:\/\/www.messinaoggi.it\/website\/wp-json\/wp\/v2\/tags?post=81430"}],"curies":[{"name":"wp","href":"https:\/\/api.w.org\/{rel}","templated":true}]}}