{"id":81417,"date":"2021-09-26T13:07:33","date_gmt":"2021-09-26T11:07:33","guid":{"rendered":"https:\/\/www.messinaoggi.it\/website\/2021\/09\/26\/centrodestra-meloni-partiti-diversi-ognuno-ha-proprio-leader\/"},"modified":"2021-09-26T13:07:33","modified_gmt":"2021-09-26T11:07:33","slug":"centrodestra-meloni-partiti-diversi-ognuno-ha-proprio-leader","status":"publish","type":"post","link":"https:\/\/www.messinaoggi.it\/website\/2021\/09\/26\/centrodestra-meloni-partiti-diversi-ognuno-ha-proprio-leader\/","title":{"rendered":"Centrodestra, Meloni \u201cPartiti diversi. Ognuno ha proprio leader\u201d"},"content":{"rendered":"<div>BOLOGNA (ITALPRESS) &#8211; &#8220;Il tema del leader del Centrodestra \u00e8 un tema che appassiona voi, noi siamo una coalizione fatta di partiti diversi, ciascuno \u00e8 il leader del suo partito&#8221;.<br \/>\nLo ha detto il presidente di Fratelli d&#8217;Italia Giorgia Meloni, oggi in piazza a Bologna per un impegno elettorale in vista delle Amministrative di ottobre. &#8220;Dopo di che &#8211; ha aggiunto &#8211; le regole nel Centrodestra dicono che quando arrivano le elezioni politiche quello che arriva primo ha diritto a esprimere il candidato premier da sottoporre al Presidente della Repubblica. Attualmente, la Lega \u00e8 considerata il primo partito ma \u00e8 anche difficile immaginare che ci sia uno che governa tutti, perch\u00e8 noi siamo opposizione gli altri sono al Governo. Interpretate questo tema della leadership in una maniera monolitica che non \u00e8 molto realistica&#8221;. La leader di Fdi lancia poi stoccate all&#8217;M5s e al Pd. &#8220;Il Movimento 5 stelle \u00e8 un partito coerente: ha tradito il 100% delle promesse che aveva fatto. Noi<br \/>\ncerchiamo banalmente di occuparci dei problemi delle persone normali&#8221;. &#8220;Enrico Letta si \u00e8 candidato e non ha messo il simbolo del Pd. Il segretario del Pd si vergogna del simbolo<br \/>\ndel Pd. Lo capisco, particolarmente a Siena, lo si deve spiegare ai cittadini, hanno preso una banca, il Monte dei Paschi di Siena e ne hanno fatto il bancomat del partito per poi scaricarne i costi sui cittadini&#8230;&#8221;.<br \/>\n(ITALPRESS).<\/div>\n<div id=\"div-gpt-ad-Messinaoggi.it-DSK-300x250-corpoart\" style=\"text-align:center;margin:0 auto;\"><\/div><\/p><div id=\"videoincontent\" style=\"clear:both\";><\/div>","protected":false},"excerpt":{"rendered":"<p>BOLOGNA (ITALPRESS) &#8211; &#8220;Il tema del leader del Centrodestra \u00e8 un tema che appassiona voi, noi siamo una coalizione fatta di partiti diversi, ciascuno \u00e8 il leader del suo partito&#8221;. Lo ha detto il presidente di Fratelli d&#8217;Italia Giorgia Meloni, oggi in piazza a Bologna per un impegno elettorale in vista delle Amministrative di ottobre. [&hellip;]<\/p>\n","protected":false},"author":18,"featured_media":81418,"comment_status":"closed","ping_status":"closed","sticky":false,"template":"","format":"standard","meta":{"ub_ctt_via":"","_mi_skip_tracking":false},"categories":[446],"tags":[783],"featured_image_src":"https:\/\/www.messinaoggi.it\/website\/wp-content\/uploads\/2021\/09\/20210926_0257.jpg","author_info":{"display_name":"Admin","author_link":"https:\/\/www.messinaoggi.it\/website\/author\/admin\/"},"digistream_id":0,"digistream":false,"_links":{"self":[{"href":"https:\/\/www.messinaoggi.it\/website\/wp-json\/wp\/v2\/posts\/81417"}],"collection":[{"href":"https:\/\/www.messinaoggi.it\/website\/wp-json\/wp\/v2\/posts"}],"about":[{"href":"https:\/\/www.messinaoggi.it\/website\/wp-json\/wp\/v2\/types\/post"}],"author":[{"embeddable":true,"href":"https:\/\/www.messinaoggi.it\/website\/wp-json\/wp\/v2\/users\/18"}],"replies":[{"embeddable":true,"href":"https:\/\/www.messinaoggi.it\/website\/wp-json\/wp\/v2\/comments?post=81417"}],"version-history":[{"count":0,"href":"https:\/\/www.messinaoggi.it\/website\/wp-json\/wp\/v2\/posts\/81417\/revisions"}],"wp:featuredmedia":[{"embeddable":true,"href":"https:\/\/www.messinaoggi.it\/website\/wp-json\/wp\/v2\/media\/81418"}],"wp:attachment":[{"href":"https:\/\/www.messinaoggi.it\/website\/wp-json\/wp\/v2\/media?parent=81417"}],"wp:term":[{"taxonomy":"category","embeddable":true,"href":"https:\/\/www.messinaoggi.it\/website\/wp-json\/wp\/v2\/categories?post=81417"},{"taxonomy":"post_tag","embeddable":true,"href":"https:\/\/www.messinaoggi.it\/website\/wp-json\/wp\/v2\/tags?post=81417"}],"curies":[{"name":"wp","href":"https:\/\/api.w.org\/{rel}","templated":true}]}}