{"id":81407,"date":"2021-09-26T10:07:36","date_gmt":"2021-09-26T08:07:36","guid":{"rendered":"https:\/\/www.messinaoggi.it\/website\/2021\/09\/26\/mattarella-bersaglieri-esempio-virtu-che-hanno-scritto-storia-ditalia\/"},"modified":"2021-09-26T10:07:36","modified_gmt":"2021-09-26T08:07:36","slug":"mattarella-bersaglieri-esempio-virtu-che-hanno-scritto-storia-ditalia","status":"publish","type":"post","link":"https:\/\/www.messinaoggi.it\/website\/2021\/09\/26\/mattarella-bersaglieri-esempio-virtu-che-hanno-scritto-storia-ditalia\/","title":{"rendered":"Mattarella \u201cBersaglieri esempio virt\u00f9 che hanno scritto storia d\u2019Italia\u201d"},"content":{"rendered":"<div>ROMA (ITALPRESS) &#8211; &#8220;Saluto i partecipanti al 68\u00b0 raduno nazionale dell&#8217;Associazione Bersaglieri, ospitato dalla citt\u00e0 di Roma.<br \/>\nAnche durante i momenti pi\u00f9 difficili della pandemia, tanti nostri concittadini hanno potuto apprezzare direttamente la prodiga opera svolta dagli associati che con generosit\u00e0, in piena collaborazione con la struttura nazionale preposta all&#8217;emergenza, hanno voluto recare il loro volontario contributo.<br \/>\nSono certo che l&#8217;incontro rappresenter\u00e0 un&#8217;opportunit\u00e0 per rinnovare, tra i Bersaglieri in servizio e in congedo, la memoria del passato e per stimolare una riflessione sul futuro dell&#8217;Associazione&#8221;. E&#8217; il messaggio inviato dal Presidente della Repubblica, Sergio Mattarella al Presidente dell&#8217;associazione Nazionale Bersaglieri, Generale di Brigata, Ottavio Renzi. &#8220;Le Fiamme Cremisi &#8211; ha aggiunto il Capo dello Stato &#8211; si sono sempre distinte, al servizio del Paese e della comunit\u00e0 internazionale, in Italia e nelle aree di crisi, riscuotendo ammirazione e riconoscenza in particolare nelle realt\u00e0 pi\u00f9 disagiate. I Reparti Bersaglieri costituiscono, ancor oggi, una delle componenti portanti dei contingenti militari italiani impegnati nelle missioni internazionali di sicurezza e di stabilizzazione.<br \/>\nRivolgo, in questa occasione, il grato pensiero della Repubblica ai caduti della specialit\u00e0 e al Labaro, custode dei valori e della via tracciata dal fondatore Generale La Marmora&#8221;. &#8220;Valore, abnegazione e spirito di sacrificio ritraggono nell&#8217;immaginario collettivo nazionale la figura del Bersagliere, esempio di virt\u00f9 che hanno scritto la storia d&#8217;Italia. Con l&#8217;apprezzamento per la significativa opera prestata, giunga a tutti i Bersaglieri riuniti e alle loro famiglie l&#8217;augurio di un pieno successo del raduno&#8221;.<br \/>\n(ITALPRESS).<\/div>\n<div id=\"div-gpt-ad-Messinaoggi.it-DSK-300x250-corpoart\" style=\"text-align:center;margin:0 auto;\"><\/div><\/p><div id=\"videoincontent\" style=\"clear:both\";><\/div>","protected":false},"excerpt":{"rendered":"<p>ROMA (ITALPRESS) &#8211; &#8220;Saluto i partecipanti al 68\u00b0 raduno nazionale dell&#8217;Associazione Bersaglieri, ospitato dalla citt\u00e0 di Roma. Anche durante i momenti pi\u00f9 difficili della pandemia, tanti nostri concittadini hanno potuto apprezzare direttamente la prodiga opera svolta dagli associati che con generosit\u00e0, in piena collaborazione con la struttura nazionale preposta all&#8217;emergenza, hanno voluto recare il loro [&hellip;]<\/p>\n","protected":false},"author":18,"featured_media":81408,"comment_status":"closed","ping_status":"closed","sticky":false,"template":"","format":"standard","meta":{"ub_ctt_via":"","_mi_skip_tracking":false},"categories":[446],"tags":[783],"featured_image_src":"https:\/\/www.messinaoggi.it\/website\/wp-content\/uploads\/2021\/09\/20210926_0121.jpg","author_info":{"display_name":"Admin","author_link":"https:\/\/www.messinaoggi.it\/website\/author\/admin\/"},"digistream_id":0,"digistream":false,"_links":{"self":[{"href":"https:\/\/www.messinaoggi.it\/website\/wp-json\/wp\/v2\/posts\/81407"}],"collection":[{"href":"https:\/\/www.messinaoggi.it\/website\/wp-json\/wp\/v2\/posts"}],"about":[{"href":"https:\/\/www.messinaoggi.it\/website\/wp-json\/wp\/v2\/types\/post"}],"author":[{"embeddable":true,"href":"https:\/\/www.messinaoggi.it\/website\/wp-json\/wp\/v2\/users\/18"}],"replies":[{"embeddable":true,"href":"https:\/\/www.messinaoggi.it\/website\/wp-json\/wp\/v2\/comments?post=81407"}],"version-history":[{"count":0,"href":"https:\/\/www.messinaoggi.it\/website\/wp-json\/wp\/v2\/posts\/81407\/revisions"}],"wp:featuredmedia":[{"embeddable":true,"href":"https:\/\/www.messinaoggi.it\/website\/wp-json\/wp\/v2\/media\/81408"}],"wp:attachment":[{"href":"https:\/\/www.messinaoggi.it\/website\/wp-json\/wp\/v2\/media?parent=81407"}],"wp:term":[{"taxonomy":"category","embeddable":true,"href":"https:\/\/www.messinaoggi.it\/website\/wp-json\/wp\/v2\/categories?post=81407"},{"taxonomy":"post_tag","embeddable":true,"href":"https:\/\/www.messinaoggi.it\/website\/wp-json\/wp\/v2\/tags?post=81407"}],"curies":[{"name":"wp","href":"https:\/\/api.w.org\/{rel}","templated":true}]}}