{"id":81354,"date":"2021-09-26T07:24:02","date_gmt":"2021-09-26T05:24:02","guid":{"rendered":"http:\/\/www.messinaoggi.it\/website\/?p=81354"},"modified":"2021-09-26T22:23:40","modified_gmt":"2021-09-26T20:23:40","slug":"politica-iniziate-le-grandi-manovre-del-centro-destra-per-la-regione-e-i-capoluoghi","status":"publish","type":"post","link":"https:\/\/www.messinaoggi.it\/website\/2021\/09\/26\/politica-iniziate-le-grandi-manovre-del-centro-destra-per-la-regione-e-i-capoluoghi\/","title":{"rendered":"Politica, iniziate le grandi manovre del centro-destra per la regione e i capoluoghi"},"content":{"rendered":"\n<p>Sono iniziate le grandi manovre in vista dei prossimi appuntamenti elettorali. Il primo, per scadenza naturale del sindaco, sar\u00e0 quello per le amministrative di Palermo, il Comune guidato da un contestatissimo <strong>Leoluca Orlando<\/strong>. Si voter\u00e0 a <strong>giugno 2022<\/strong>. Sempre in quella circostanza, a meno di grosse sorprese, anche la <strong>citt\u00e0 di Messina andr\u00e0 al voto<\/strong> per via delle dimissioni dell\u2019attuale primo cittadino, <strong>Cateno De Luca<\/strong>, fortemente intenzionato a correre per la presidenza della Regione Sicilia.<div id=\"div-gpt-ad-Messinaoggi.it-DSK-300x250-corpoart\" style=\"text-align:center;margin:0 auto;\"><\/div><\/p>\n\n\n\n<p><strong>Appena 12 mesi dopo <\/strong>sono in programma le amministrative di Catania, dove \u00e8 lecito attendersi una ricandidatura di <strong>Salvo Pogliese<\/strong>. In mezzo ci sono anche le <strong>elezioni regionali, previste in autunno 2022<\/strong>. Quattro appuntamenti regionali sui quali stanno gi\u00e0 ragionando i maggiorenti dei partiti. In questa analisi politica partiamo con il centro-destra che manifesta pi\u00f9 degli altri schieramenti uno spiccato movimentismo, non fosse altro perch\u00e9 il centro-sinistra dovr\u00e0 testare il \u201cgioco\u201d delle alleanze con il Movimento Cinquestelle. <div id=\"videoincontent\" style=\"clear:both\";><\/div><\/p>\n\n\n\n<p>A sinistra le idee saranno pi\u00f9 chiare dopo le prossime amministrative che coinvolgeranno i principali capoluoghi di provincia italiani. C\u2019\u00e8 da dire che nello schieramento di centro-destra nulla \u00e8 stato ancora definito, ma il ragionamento politico viene fatto dai singoli parlamentari regionali pi\u00f9 rappresentativi nell\u2019ottica dei quattro appuntamenti: amministrative Palermo, Catania e Messina, e quindi regionali.<\/p>\n\n\n\n<p>Posto che la Lega rivendichi la presidenza della Sicilia, nell\u2019ambito di un accordo su scala nazionale, e che la ricandidatura di Nello Musumeci non \u00e8 per nulla scontata, sui tre capoluoghi di provincia le idee sembrano essere abbastanza chiare. A Catania, Fdi rivendica la candidatura di Salvo Pogliese, dal momento che \u00e8 uscente e che rappresenta negli equilibri regionali l\u2019uomo di punta del partito di <strong>Giorgia Meloni<\/strong>. A Palermo le carte sono ancora mischiate, ma pare che Forza Italia, segnatamente <strong>Gianfranco Miccich\u00e8<\/strong>, voglia esprimere il candidato della coalizione. A questo punto, Messina potrebbe concentrarsi sul nome di un candidato espresso dalla Lega. <\/p>\n\n\n\n<p><strong>Davide Gambale<\/strong><\/p>\n","protected":false},"excerpt":{"rendered":"<p>Sono iniziate le grandi manovre in vista dei prossimi appuntamenti elettorali. Il primo, per scadenza naturale del sindaco, sar\u00e0 quello per le amministrative di Palermo, il Comune guidato da un contestatissimo Leoluca Orlando. Si voter\u00e0 a giugno 2022. Sempre in quella circostanza, a meno di grosse sorprese, anche la citt\u00e0 di Messina andr\u00e0 al voto [&hellip;]<\/p>\n","protected":false},"author":2,"featured_media":81355,"comment_status":"open","ping_status":"open","sticky":false,"template":"","format":"standard","meta":{"ub_ctt_via":"","_mi_skip_tracking":false},"categories":[19,4],"tags":[2426,3070,833,2240],"featured_image_src":"https:\/\/www.messinaoggi.it\/website\/wp-content\/uploads\/2021\/09\/5cc209e0240000d30b5225c6.jpg","author_info":{"display_name":"Redazione","author_link":"https:\/\/www.messinaoggi.it\/website\/author\/redazione\/"},"digistream_id":0,"digistream":false,"_links":{"self":[{"href":"https:\/\/www.messinaoggi.it\/website\/wp-json\/wp\/v2\/posts\/81354"}],"collection":[{"href":"https:\/\/www.messinaoggi.it\/website\/wp-json\/wp\/v2\/posts"}],"about":[{"href":"https:\/\/www.messinaoggi.it\/website\/wp-json\/wp\/v2\/types\/post"}],"author":[{"embeddable":true,"href":"https:\/\/www.messinaoggi.it\/website\/wp-json\/wp\/v2\/users\/2"}],"replies":[{"embeddable":true,"href":"https:\/\/www.messinaoggi.it\/website\/wp-json\/wp\/v2\/comments?post=81354"}],"version-history":[{"count":1,"href":"https:\/\/www.messinaoggi.it\/website\/wp-json\/wp\/v2\/posts\/81354\/revisions"}],"predecessor-version":[{"id":81356,"href":"https:\/\/www.messinaoggi.it\/website\/wp-json\/wp\/v2\/posts\/81354\/revisions\/81356"}],"wp:featuredmedia":[{"embeddable":true,"href":"https:\/\/www.messinaoggi.it\/website\/wp-json\/wp\/v2\/media\/81355"}],"wp:attachment":[{"href":"https:\/\/www.messinaoggi.it\/website\/wp-json\/wp\/v2\/media?parent=81354"}],"wp:term":[{"taxonomy":"category","embeddable":true,"href":"https:\/\/www.messinaoggi.it\/website\/wp-json\/wp\/v2\/categories?post=81354"},{"taxonomy":"post_tag","embeddable":true,"href":"https:\/\/www.messinaoggi.it\/website\/wp-json\/wp\/v2\/tags?post=81354"}],"curies":[{"name":"wp","href":"https:\/\/api.w.org\/{rel}","templated":true}]}}