{"id":81332,"date":"2021-09-25T15:47:36","date_gmt":"2021-09-25T13:47:36","guid":{"rendered":"https:\/\/www.messinaoggi.it\/website\/2021\/09\/25\/legalita-musumeci-vigneto-verbumcaudo-modello-per-nuove-generazioni\/"},"modified":"2021-09-25T17:03:39","modified_gmt":"2021-09-25T15:03:39","slug":"legalita-musumeci-vigneto-verbumcaudo-modello-per-nuove-generazioni","status":"publish","type":"post","link":"https:\/\/www.messinaoggi.it\/website\/2021\/09\/25\/legalita-musumeci-vigneto-verbumcaudo-modello-per-nuove-generazioni\/","title":{"rendered":"Legalit\u00e0, Musumeci \u201cVigneto Verbumcaudo modello per nuove generazioni\u201d"},"content":{"rendered":"<div>\n<p>PALERMO (ITALPRESS) \u2013 \u201cQui nell\u2019ex feudo di Verbumcaudo, al confine tra la provincia di Palermo e quella di Caltanissetta, un gruppo di giovani ha voluto sfidare il destino. Qui opera una cooperativa di lavoro e di comunit\u00e0 alla quale i sindaci, la prefettura, il territorio e il governo della Regione guardano con particolare attenzione: da qui deve partire la sfida affinch\u00e8 il bene vinca sul male, perch\u00e8 lo Stato affermi la propria presenza e si alimenti la cultura dell\u2019autoimprenditorialit\u00e0. I giovani devono capire che ogni cosa va conquistata e che la speranza non \u00e8 solo una parola del dizionario, ma la concreta realt\u00e0 che ognuno di noi deve riuscire ad alimentare e a mantenere in vita. Qui la speranza di ieri \u00e8 diventata certezza\u201d. Lo ha detto il presidente della Regione Siciliana Nello Musumeci intervenendo alla \u201cvendemmia di comunit\u00e0\u201d che si \u00e8 svolta nel vigneto sperimentale \u201cPlacido Rizzotto\u201d nel feudo Verbumcaudo, bene confiscato alla mafia a Polizzi Generosa, sulle Madonie, oggi gestito dall\u2019omonima cooperativa sociale. Il governatore ha concluso il dibattito su \u201cViticoltura ed enologia: un\u2019opportunit\u00e0 di sviluppo per la comunit\u00e0 madonita\u201d, ricordando l\u2019impegno finanziario del suo governo, di oltre dieci milioni di euro, per la strada di accesso all\u2019area e per la realizzazione dei laboratori della cooperativa, nel caseggiato che fu del boss Michele Greco. Presenti all\u2019incontro anche l\u2019assessore regionale al Territorio e Ambiente Toto Cordaro, il vescovo di Cefal\u00f9 monsignor Giuseppe Marciante, il vicario del prefetto di Palermo Anna Aurora Colosimo, i sindaci della zona e i rappresentanti delle forze dell\u2019ordine. Il vicepresidente della Regione Gaetano Armao, impossibilitato, ha fatto pervenire un messaggio di saluto. Le uve vendemmiate oggi appartengono a 32 vitigni autoctoni siciliani a rischio di estinzione che nel 2014 sono stati impiantati dall\u2019Istituto regionale Vite e olivo in una porzione del fondo. All\u2019interno della struttura, inoltre, si trova una delle tre banche regionali del germoplasma per il patrimonio viticolo siciliano che, oltre all\u2019attivit\u00e0 di ricerca, garantisce la conservazione della biodiversit\u00e0.<br \/>(ITALPRESS).<div id=\"div-gpt-ad-Messinaoggi.it-DSK-300x250-corpoart\" style=\"text-align:center;margin:0 auto;\"><\/div><\/p>\n<\/div>\n<div id=\"videoincontent\" style=\"clear:both\";><\/div>","protected":false},"excerpt":{"rendered":"<p>PALERMO (ITALPRESS) \u2013 \u201cQui nell\u2019ex feudo di Verbumcaudo, al confine tra la provincia di Palermo e quella di Caltanissetta, un gruppo di giovani ha voluto sfidare il destino. Qui opera una cooperativa di lavoro e di comunit\u00e0 alla quale i sindaci, la prefettura, il territorio e il governo della Regione guardano con particolare attenzione: da [&hellip;]<\/p>\n","protected":false},"author":18,"featured_media":81333,"comment_status":"closed","ping_status":"closed","sticky":false,"template":"","format":"standard","meta":{"ub_ctt_via":"","_mi_skip_tracking":false},"categories":[10,2449,9],"tags":[783],"featured_image_src":"https:\/\/www.messinaoggi.it\/website\/wp-content\/uploads\/2021\/09\/20210925_1116.jpg","author_info":{"display_name":"Admin","author_link":"https:\/\/www.messinaoggi.it\/website\/author\/admin\/"},"digistream_id":0,"digistream":false,"_links":{"self":[{"href":"https:\/\/www.messinaoggi.it\/website\/wp-json\/wp\/v2\/posts\/81332"}],"collection":[{"href":"https:\/\/www.messinaoggi.it\/website\/wp-json\/wp\/v2\/posts"}],"about":[{"href":"https:\/\/www.messinaoggi.it\/website\/wp-json\/wp\/v2\/types\/post"}],"author":[{"embeddable":true,"href":"https:\/\/www.messinaoggi.it\/website\/wp-json\/wp\/v2\/users\/18"}],"replies":[{"embeddable":true,"href":"https:\/\/www.messinaoggi.it\/website\/wp-json\/wp\/v2\/comments?post=81332"}],"version-history":[{"count":1,"href":"https:\/\/www.messinaoggi.it\/website\/wp-json\/wp\/v2\/posts\/81332\/revisions"}],"predecessor-version":[{"id":81347,"href":"https:\/\/www.messinaoggi.it\/website\/wp-json\/wp\/v2\/posts\/81332\/revisions\/81347"}],"wp:featuredmedia":[{"embeddable":true,"href":"https:\/\/www.messinaoggi.it\/website\/wp-json\/wp\/v2\/media\/81333"}],"wp:attachment":[{"href":"https:\/\/www.messinaoggi.it\/website\/wp-json\/wp\/v2\/media?parent=81332"}],"wp:term":[{"taxonomy":"category","embeddable":true,"href":"https:\/\/www.messinaoggi.it\/website\/wp-json\/wp\/v2\/categories?post=81332"},{"taxonomy":"post_tag","embeddable":true,"href":"https:\/\/www.messinaoggi.it\/website\/wp-json\/wp\/v2\/tags?post=81332"}],"curies":[{"name":"wp","href":"https:\/\/api.w.org\/{rel}","templated":true}]}}