{"id":81234,"date":"2021-09-24T19:07:39","date_gmt":"2021-09-24T17:07:39","guid":{"rendered":"https:\/\/www.messinaoggi.it\/website\/2021\/09\/24\/dal-15-ottobre-il-pubblico-impiego-torna-in-presenza\/"},"modified":"2021-09-24T19:07:39","modified_gmt":"2021-09-24T17:07:39","slug":"dal-15-ottobre-il-pubblico-impiego-torna-in-presenza","status":"publish","type":"post","link":"https:\/\/www.messinaoggi.it\/website\/2021\/09\/24\/dal-15-ottobre-il-pubblico-impiego-torna-in-presenza\/","title":{"rendered":"Dal 15 ottobre il pubblico impiego torna in presenza"},"content":{"rendered":"<div>ROMA (ITALPRESS) &#8211; La modalit\u00e0 ordinaria di lavoro nelle Pubbliche amministrazioni dal 15 ottobre torna ad essere quella in presenza. Lo prevede il Dpcm firmato dal presidente del Consiglio, Mario Draghi.<br \/>&#8220;Le PA assicureranno che il ritorno in presenza avvenga in condizioni di sicurezza, nel rispetto delle misure anti Covid-19&#8221;, rende noto Palazzo Chigi.<br \/>&#8220;Con la firma del presidente del Consiglio Mario Draghi al decreto che fa cessare il lavoro agile come modalit\u00e0 ordinaria di svolgimento della prestazione lavorativa nella Pubblica amministrazione, si apre l&#8217;era di una nuova normalit\u00e0 e si completa il quadro avviato con l&#8217;estensione dell&#8217;obbligo di green pass a tutto il mondo del lavoro: dal 15 ottobre i dipendenti pubblici torneranno in presenza, e in sicurezza &#8211; afferma in una nota Renato Brunetta, ministro per la Pubblica amministrazione -. Con successivo decreto ministeriale, fornir\u00f2 apposite indicazioni operative affinch\u00e8 il rientro negli uffici sia rispettoso delle misure di contrasto al Covid-19 e coerente con la sostenibilit\u00e0 del sistema dei trasporti&#8221;.<br \/>&#8220;Nel frattempo, sono in corso le trattative per i rinnovi dei contratti pubblici, che garantiranno, una volta concluse, una regolazione puntuale dello smart working. Entro il 31 gennaio 2022, inoltre, ogni amministrazione dovr\u00e0 presentare il Piano integrato di attivit\u00e0 e organizzazione, all&#8217;interno del quale confluir\u00e0 il Pola per il lavoro agile &#8211; aggiunge -. Con le regole e con l&#8217;organizzazione, potr\u00e0 finalmente decollare uno smart working vero, strutturato, ancorato a obiettivi e monitoraggio dei risultati, che faccia tesoro degli aspetti migliori dell&#8217;esperienza emergenziale e che assicuri l&#8217;efficienza dei servizi, essenziale per sostenere la ripresa del Paese, e la soddisfazione dei cittadini e delle imprese: il mio faro&#8221;.<br \/>(ITALPRESS).<\/div>\n<div id=\"div-gpt-ad-Messinaoggi.it-DSK-300x250-corpoart\" style=\"text-align:center;margin:0 auto;\"><\/div><\/p><div id=\"videoincontent\" style=\"clear:both\";><\/div>","protected":false},"excerpt":{"rendered":"<p>ROMA (ITALPRESS) &#8211; La modalit\u00e0 ordinaria di lavoro nelle Pubbliche amministrazioni dal 15 ottobre torna ad essere quella in presenza. Lo prevede il Dpcm firmato dal presidente del Consiglio, Mario Draghi.&#8220;Le PA assicureranno che il ritorno in presenza avvenga in condizioni di sicurezza, nel rispetto delle misure anti Covid-19&#8221;, rende noto Palazzo Chigi.&#8220;Con la firma [&hellip;]<\/p>\n","protected":false},"author":18,"featured_media":81235,"comment_status":"closed","ping_status":"closed","sticky":false,"template":"","format":"standard","meta":{"ub_ctt_via":"","_mi_skip_tracking":false},"categories":[446],"tags":[783],"featured_image_src":"https:\/\/www.messinaoggi.it\/website\/wp-content\/uploads\/2021\/09\/20210924_2695.jpg","author_info":{"display_name":"Admin","author_link":"https:\/\/www.messinaoggi.it\/website\/author\/admin\/"},"digistream_id":0,"digistream":false,"_links":{"self":[{"href":"https:\/\/www.messinaoggi.it\/website\/wp-json\/wp\/v2\/posts\/81234"}],"collection":[{"href":"https:\/\/www.messinaoggi.it\/website\/wp-json\/wp\/v2\/posts"}],"about":[{"href":"https:\/\/www.messinaoggi.it\/website\/wp-json\/wp\/v2\/types\/post"}],"author":[{"embeddable":true,"href":"https:\/\/www.messinaoggi.it\/website\/wp-json\/wp\/v2\/users\/18"}],"replies":[{"embeddable":true,"href":"https:\/\/www.messinaoggi.it\/website\/wp-json\/wp\/v2\/comments?post=81234"}],"version-history":[{"count":0,"href":"https:\/\/www.messinaoggi.it\/website\/wp-json\/wp\/v2\/posts\/81234\/revisions"}],"wp:featuredmedia":[{"embeddable":true,"href":"https:\/\/www.messinaoggi.it\/website\/wp-json\/wp\/v2\/media\/81235"}],"wp:attachment":[{"href":"https:\/\/www.messinaoggi.it\/website\/wp-json\/wp\/v2\/media?parent=81234"}],"wp:term":[{"taxonomy":"category","embeddable":true,"href":"https:\/\/www.messinaoggi.it\/website\/wp-json\/wp\/v2\/categories?post=81234"},{"taxonomy":"post_tag","embeddable":true,"href":"https:\/\/www.messinaoggi.it\/website\/wp-json\/wp\/v2\/tags?post=81234"}],"curies":[{"name":"wp","href":"https:\/\/api.w.org\/{rel}","templated":true}]}}