{"id":81211,"date":"2021-09-24T16:17:46","date_gmt":"2021-09-24T14:17:46","guid":{"rendered":"https:\/\/www.messinaoggi.it\/website\/2021\/09\/24\/elettrodotto-terna-consultazione-pubblica-a-termini-imerese\/"},"modified":"2021-09-24T16:17:46","modified_gmt":"2021-09-24T14:17:46","slug":"elettrodotto-terna-consultazione-pubblica-a-termini-imerese","status":"publish","type":"post","link":"https:\/\/www.messinaoggi.it\/website\/2021\/09\/24\/elettrodotto-terna-consultazione-pubblica-a-termini-imerese\/","title":{"rendered":"Elettrodotto Terna, consultazione pubblica a Termini Imerese"},"content":{"rendered":"<div>\n<p>ROMA (ITALPRESS) \u2013 Con un terzo appuntamento \u201cTerna Incontra\u201d (che si svolge ancora in modalit\u00e0 digitale per rispetto delle regole prudenziali dettate dalla pandemia) dedicato alla cittadinanza di Termini Imerese, provincia di Palermo, il 29 settembre alle 17 riparte la consultazione pubblica sulla nuova interconnessione Tyrrhenian Link, l\u2019elettrodotto sottomarino che unir\u00e0 la Sicilia alla Sardegna e alla Campania. <br \/>Con questo nuovo appuntamento Terna illustrer\u00e0 gli aspetti tecnici e le opzioni localizzative della nuova stazione elettrica relativa alla tratta ovest Sicilia-Sardegna. Sono state individuate due distinte possibilit\u00e0 per la collocazione della nuova infrastruttura: una nell\u2019area contigua all\u2019esistente stazione elettrica di Caracoli e l\u2019altra all\u2019interno della zona industriale di Termini Imerese. Su queste due alternative localizzative si basa il coinvolgimento della cittadinanza e dei portatori di interesse al fine di raccogliere spunti e suggerimenti in merito alle aree individuate.<br \/>Durante la fase di consultazione pubblica tutti i soggetti interessati potranno avere informazioni e presentare osservazioni sul progetto. Gli esiti di questo confronto saranno poi inoltrati ai ministeri competenti ai fini dell\u2019avvio dell\u2019iter autorizzativo. Per garantire la pi\u00f9 ampia partecipazione possibile, Terna come sempre dar\u00e0 massima visibilit\u00e0 alla notizia dell\u2019incontro anche attraverso l\u2019invio di lettere, la diffusione di volantini, locandine.<br \/>Il Tyrrhenian Link \u00e8 un\u2019opera strategica per il sistema elettrico italiano per la quale Terna investir\u00e0 nei prossimi anni circa 3,7 miliardi di euro coinvolgendo 250 imprese. Accrescendo la capacit\u00e0 di scambio elettrico tra Sicilia, Sardegna e Campania, infatti, la nuova infrastruttura favorir\u00e0 la piena integrazione tra le diverse zone di mercato con importanti benefici in termini di efficienza. Consentir\u00e0, inoltre, il miglior utilizzo dei flussi di energia da fonti rinnovabili in costante crescita e migliorer\u00e0 l\u2019affidabilit\u00e0 della rete e dell\u2019intero sistema.<br \/>La nuova interconnessione \u00e8 un progetto all\u2019avanguardia che prevede la realizzazione di due linee elettriche sottomarine (una dalla Campania alla Sicilia e una dalla Sicilia alla Sardegna) per un totale di 950 chilometri di collegamento di 1000 MW in corrente continua.<br \/>(ITALPRESS).<div id=\"div-gpt-ad-Messinaoggi.it-DSK-300x250-corpoart\" style=\"text-align:center;margin:0 auto;\"><\/div><\/p>\n<\/div>\n<div id=\"videoincontent\" style=\"clear:both\";><\/div>","protected":false},"excerpt":{"rendered":"<p>ROMA (ITALPRESS) \u2013 Con un terzo appuntamento \u201cTerna Incontra\u201d (che si svolge ancora in modalit\u00e0 digitale per rispetto delle regole prudenziali dettate dalla pandemia) dedicato alla cittadinanza di Termini Imerese, provincia di Palermo, il 29 settembre alle 17 riparte la consultazione pubblica sulla nuova interconnessione Tyrrhenian Link, l\u2019elettrodotto sottomarino che unir\u00e0 la Sicilia alla Sardegna [&hellip;]<\/p>\n","protected":false},"author":18,"featured_media":81212,"comment_status":"closed","ping_status":"closed","sticky":false,"template":"","format":"standard","meta":{"ub_ctt_via":"","_mi_skip_tracking":false},"categories":[2449],"tags":[783],"featured_image_src":"https:\/\/www.messinaoggi.it\/website\/wp-content\/uploads\/2021\/09\/20210924_2056.jpg","author_info":{"display_name":"Admin","author_link":"https:\/\/www.messinaoggi.it\/website\/author\/admin\/"},"digistream_id":0,"digistream":false,"_links":{"self":[{"href":"https:\/\/www.messinaoggi.it\/website\/wp-json\/wp\/v2\/posts\/81211"}],"collection":[{"href":"https:\/\/www.messinaoggi.it\/website\/wp-json\/wp\/v2\/posts"}],"about":[{"href":"https:\/\/www.messinaoggi.it\/website\/wp-json\/wp\/v2\/types\/post"}],"author":[{"embeddable":true,"href":"https:\/\/www.messinaoggi.it\/website\/wp-json\/wp\/v2\/users\/18"}],"replies":[{"embeddable":true,"href":"https:\/\/www.messinaoggi.it\/website\/wp-json\/wp\/v2\/comments?post=81211"}],"version-history":[{"count":0,"href":"https:\/\/www.messinaoggi.it\/website\/wp-json\/wp\/v2\/posts\/81211\/revisions"}],"wp:featuredmedia":[{"embeddable":true,"href":"https:\/\/www.messinaoggi.it\/website\/wp-json\/wp\/v2\/media\/81212"}],"wp:attachment":[{"href":"https:\/\/www.messinaoggi.it\/website\/wp-json\/wp\/v2\/media?parent=81211"}],"wp:term":[{"taxonomy":"category","embeddable":true,"href":"https:\/\/www.messinaoggi.it\/website\/wp-json\/wp\/v2\/categories?post=81211"},{"taxonomy":"post_tag","embeddable":true,"href":"https:\/\/www.messinaoggi.it\/website\/wp-json\/wp\/v2\/tags?post=81211"}],"curies":[{"name":"wp","href":"https:\/\/api.w.org\/{rel}","templated":true}]}}