{"id":81185,"date":"2021-09-24T19:41:20","date_gmt":"2021-09-24T17:41:20","guid":{"rendered":"http:\/\/www.messinaoggi.it\/website\/?p=81185"},"modified":"2021-09-24T15:42:03","modified_gmt":"2021-09-24T13:42:03","slug":"scuola-calcio-camaro-definiti-gli-staff-delle-formazioni-giovanili","status":"publish","type":"post","link":"https:\/\/www.messinaoggi.it\/website\/2021\/09\/24\/scuola-calcio-camaro-definiti-gli-staff-delle-formazioni-giovanili\/","title":{"rendered":"SCUOLA CALCIO &#8211; Camaro: definiti gli staff delle formazioni giovanili"},"content":{"rendered":"\n<p><strong>SSD Camaro 1969<\/strong> comunica la composizione degli staff tecnici delle proprie formazioni giovanili, dello staff medico e organizzativo della societ\u00e0.<div id=\"div-gpt-ad-Messinaoggi.it-DSK-300x250-corpoart\" style=\"text-align:center;margin:0 auto;\"><\/div><\/p>\n\n\n\n<p>A rendere pi\u00f9 fluido il lavoro degli allenatori Mangano e Randazzo, in campo gi\u00e0 da oltre un mese con le loro squadre, ci sono staff tecnici qualificati e un importante supporto della struttura dirigenziale e logistica del club.<div id=\"videoincontent\" style=\"clear:both\";><\/div><\/p>\n\n\n\n<p>Con entrambe le formazioni regionali collaborano il preparatore atletico <strong>Antonio Vento<\/strong>, laureato in Scienze Motorie e reduce dalle esperienze con Fair Play ed FC Messina, e il preparatore dei portieri <strong>Giovanni Tavilla<\/strong>, tecnico qualificato e di lungo corso con un ricco bagaglio alle spalle tra settore giovanile e prime squadre, tra le altre Messana, Real Ritiro ed Atletico Messina. Nel lavoro quotidiano Tavilla \u00e8 coadiuvato da Francesco <strong>Aiello<\/strong>.<\/p>\n\n\n\n<p>Nell&#8217;Under 17, l&#8217;allenatore <strong>Francesco Mangano<\/strong> \u00e8 affiancato dal vice <strong>Francesco Suria<\/strong>, in passato sulle panchine delle formazioni giovanili di ACR Messina ed FC Messina, e dalla collaboratrice tecnica <strong>Claudia Leardo<\/strong>, laurea specialistica in Scienze Motorie, calciatrice di lungo corso nei campionati regionali e da quest&#8217;anno anche istruttrice nella Scuola Calcio \u00c9lite del Camaro.<\/p>\n\n\n\n<p>Riconfermato al fianco di <strong>Corrado Randazzo<\/strong> nell&#8217;Under 15 anche il vice allenatore <strong>Salvatore Micali<\/strong>, gi\u00e0 al Camaro nella scorsa stagione ed in passato tecnico dello <strong>Sporting Ulisse Rometta<\/strong>.<\/p>\n\n\n\n<p>Calciatori e tecnici avranno sempre al loro fianco anche un ricco, esperto e preziosissimo team di dirigenti accompagnatori: <strong>Franco Rao, Giovanni Amodeo <\/strong>e<strong> Salvatore Quattrocchi<\/strong> per l&#8217;Under 17; <strong>Antonio Grasso, Orazio Festi <\/strong>e<strong> Carmelo Raspaolo<\/strong> nell&#8217;Under 15. A prendersi cura degli atleti c&#8217;\u00e8 anche uno staff medico composto da professionisti qualificati che da anni offrono un preziosissimo contributo alla societ\u00e0, a partire dal medico sociale <strong>Giuseppe Musolino<\/strong>, dal coordinatore <strong>Giovanni Lombardo<\/strong> e dal fisioterapista Paolo <strong>Scuderi<\/strong>. Anche in questa stagione al fianco del Camaro ci sono gli specialisti del centro di medicina dello sport <strong><em>&#8220;New Delta Srl&#8221;<\/em><\/strong>, guidati dal dottor Simone Peditto.<\/p>\n\n\n\n<p>Attenzione rivolta anche all&#8217;area comunicazione, che pu\u00f2 avvalersi ancora del talento e dell&#8217;esperienza del fotografo ufficiale <strong>Giovanni Isolino<\/strong>. Nella &#8220;squadra&#8221; dei fotografi anche la giovane <strong>Maria Chiara Scaffidi<\/strong>.<\/p>\n\n\n\n<p>Il lavoro di tutti come ogni anno sar\u00e0 reso pi\u00f9 semplice da chi si prende cura quotidianamente dell&#8217;intero impianto sportivo e opera al servizio di atleti, tecnici, dirigenti e collaboratori, ma anche dei tanti utenti del <strong>&#8220;Despar Stadium&#8221;.<\/strong> Area logistica da questa stagione rafforzata ulteriormente con l&#8217;arrivo del collaboratore <strong>Pippo Alessandro<\/strong>, lo scorso anno all&#8217;FC Messina. Alessandro affianca due indispensabili colonne del Camaro: <strong>Enzo Sorrenti<\/strong>, per oltre quarant&#8217;anni magazziniere del Messina prima di sposare la causa neroverde, e <strong>Carlo Morabito<\/strong>, da sempre preziosa risorsa della societ\u00e0.<\/p>\n","protected":false},"excerpt":{"rendered":"<p>SSD Camaro 1969 comunica la composizione degli staff tecnici delle proprie formazioni giovanili, dello staff medico e organizzativo della societ\u00e0. A rendere pi\u00f9 fluido il lavoro degli allenatori Mangano e Randazzo, in campo gi\u00e0 da oltre un mese con le loro squadre, ci sono staff tecnici qualificati e un importante supporto della struttura dirigenziale e [&hellip;]<\/p>\n","protected":false},"author":17,"featured_media":81187,"comment_status":"open","ping_status":"open","sticky":false,"template":"","format":"standard","meta":{"ub_ctt_via":"","_mi_skip_tracking":false},"categories":[8,9],"tags":[518],"featured_image_src":"https:\/\/www.messinaoggi.it\/website\/wp-content\/uploads\/2021\/09\/staff-camaro.jpg","author_info":{"display_name":"Giuseppe Luppino","author_link":"https:\/\/www.messinaoggi.it\/website\/author\/g-luppino\/"},"digistream_id":0,"digistream":false,"_links":{"self":[{"href":"https:\/\/www.messinaoggi.it\/website\/wp-json\/wp\/v2\/posts\/81185"}],"collection":[{"href":"https:\/\/www.messinaoggi.it\/website\/wp-json\/wp\/v2\/posts"}],"about":[{"href":"https:\/\/www.messinaoggi.it\/website\/wp-json\/wp\/v2\/types\/post"}],"author":[{"embeddable":true,"href":"https:\/\/www.messinaoggi.it\/website\/wp-json\/wp\/v2\/users\/17"}],"replies":[{"embeddable":true,"href":"https:\/\/www.messinaoggi.it\/website\/wp-json\/wp\/v2\/comments?post=81185"}],"version-history":[{"count":1,"href":"https:\/\/www.messinaoggi.it\/website\/wp-json\/wp\/v2\/posts\/81185\/revisions"}],"predecessor-version":[{"id":81188,"href":"https:\/\/www.messinaoggi.it\/website\/wp-json\/wp\/v2\/posts\/81185\/revisions\/81188"}],"wp:featuredmedia":[{"embeddable":true,"href":"https:\/\/www.messinaoggi.it\/website\/wp-json\/wp\/v2\/media\/81187"}],"wp:attachment":[{"href":"https:\/\/www.messinaoggi.it\/website\/wp-json\/wp\/v2\/media?parent=81185"}],"wp:term":[{"taxonomy":"category","embeddable":true,"href":"https:\/\/www.messinaoggi.it\/website\/wp-json\/wp\/v2\/categories?post=81185"},{"taxonomy":"post_tag","embeddable":true,"href":"https:\/\/www.messinaoggi.it\/website\/wp-json\/wp\/v2\/tags?post=81185"}],"curies":[{"name":"wp","href":"https:\/\/api.w.org\/{rel}","templated":true}]}}