{"id":81172,"date":"2021-09-24T15:07:35","date_gmt":"2021-09-24T13:07:35","guid":{"rendered":"https:\/\/www.messinaoggi.it\/website\/2021\/09\/24\/pioli-contro-lo-spezia-serve-una-gara-da-milan\/"},"modified":"2021-09-24T15:07:35","modified_gmt":"2021-09-24T13:07:35","slug":"pioli-contro-lo-spezia-serve-una-gara-da-milan","status":"publish","type":"post","link":"https:\/\/www.messinaoggi.it\/website\/2021\/09\/24\/pioli-contro-lo-spezia-serve-una-gara-da-milan\/","title":{"rendered":"Pioli \u201cContro lo Spezia serve una gara da Milan\u201d"},"content":{"rendered":"<div>MILANO (ITALPRESS) &#8211; &#8220;Insieme ai nostri tifosi abbiamo pi\u00f9 energia, entusiasmo e sostegno. Le gare si possono complicare ma con aiuto e positivit\u00e0 si possano anche aggiustare: siamo partiti bene in casa ma siamo solo all&#8217;inizio, domani giocheremo per\u00f2 in trasferta contro un avversario da rispettare molto&#8221;. Lo ha detto il tecnico del Milan, Stefano Pioli, alla vigilia dell&#8217;anticipo di campionato sul terreno dello Spezia. &#8220;Dovremo giocare una partita seria, da Milan, con le nostre caratteristiche, cercando di essere squadra dall&#8217;inizio alla fine &#8211; ha aggiunto il mister rossonero in conferenza stampa &#8211; Metter\u00f2 in campo la formazione migliore, ricordando che \u00e8 importante chi \u00e8 in campo dall&#8217;inizio ma ancora di pi\u00f9 chi subentra&#8221;. Per quanto riguarda i convocati, Pioli, che dovr\u00e0 fare a meno di Florenzi, alle prese con un trama contusivo al ginocchio, riavr\u00e0 a disposizione Calabria e, in attacco, Giroud: &#8220;Sta bene, si \u00e8 allenato con noi negli ultimi due giorni e ha entusiasmo &#8211; ha spiegato Pioli parlando dell&#8217;ex Chelsea &#8211; Pellegri? L&#8217;ho visto bene, \u00e8 un bel giocatore con belle caratteristiche, potr\u00e0 essere utile anche lui&#8221;. &#8220;Abbiamo la convinzione di poter far bene da domani sino alla fine, sapendo che in Italia c&#8217;\u00e8 un livello di competivit\u00e0 molto alto &#8211; ha proseguito l&#8217;ex allenatore di Parma, Inter e Lazio commentando questo avvio di campionato &#8211; Il Napoli in testa? Non ha cambiato niente, anzi ha aggiunto Anguissa e un allenatore (Spalletti, ndr) molto preparato. E&#8217; tra le migliori del campionato con una rosa molto profonda: che potesse essere una pretendente allo scudetto lo sapevo sin dall&#8217;inizio&#8221;. Pioli, per\u00f2, \u00e8 consapevole che saranno tante le pretendenti per i primi posti della classifica: &#8220;L&#8217;Atalanta ha fatto da sempre partenze pi\u00f9 lente, penso saranno tante le squadre che lotteranno per le posizioni di vertice ed io sono molto soddisfatto della mia squadra: la rosa \u00e8 di alta qualit\u00e0, dispiace non aver lavorato ancora con tutti gli effettivi, ma sono certo che ci toglieremo tante soddisfazioni&#8221;.<br \/>(ITALPRESS).<\/div>\n<div id=\"div-gpt-ad-Messinaoggi.it-DSK-300x250-corpoart\" style=\"text-align:center;margin:0 auto;\"><\/div><\/p><div id=\"videoincontent\" style=\"clear:both\";><\/div>","protected":false},"excerpt":{"rendered":"<p>MILANO (ITALPRESS) &#8211; &#8220;Insieme ai nostri tifosi abbiamo pi\u00f9 energia, entusiasmo e sostegno. Le gare si possono complicare ma con aiuto e positivit\u00e0 si possano anche aggiustare: siamo partiti bene in casa ma siamo solo all&#8217;inizio, domani giocheremo per\u00f2 in trasferta contro un avversario da rispettare molto&#8221;. Lo ha detto il tecnico del Milan, Stefano [&hellip;]<\/p>\n","protected":false},"author":18,"featured_media":81173,"comment_status":"closed","ping_status":"closed","sticky":false,"template":"","format":"standard","meta":{"ub_ctt_via":"","_mi_skip_tracking":false},"categories":[446],"tags":[783],"featured_image_src":"https:\/\/www.messinaoggi.it\/website\/wp-content\/uploads\/2021\/09\/20210924_1358.jpg","author_info":{"display_name":"Admin","author_link":"https:\/\/www.messinaoggi.it\/website\/author\/admin\/"},"digistream_id":0,"digistream":false,"_links":{"self":[{"href":"https:\/\/www.messinaoggi.it\/website\/wp-json\/wp\/v2\/posts\/81172"}],"collection":[{"href":"https:\/\/www.messinaoggi.it\/website\/wp-json\/wp\/v2\/posts"}],"about":[{"href":"https:\/\/www.messinaoggi.it\/website\/wp-json\/wp\/v2\/types\/post"}],"author":[{"embeddable":true,"href":"https:\/\/www.messinaoggi.it\/website\/wp-json\/wp\/v2\/users\/18"}],"replies":[{"embeddable":true,"href":"https:\/\/www.messinaoggi.it\/website\/wp-json\/wp\/v2\/comments?post=81172"}],"version-history":[{"count":0,"href":"https:\/\/www.messinaoggi.it\/website\/wp-json\/wp\/v2\/posts\/81172\/revisions"}],"wp:featuredmedia":[{"embeddable":true,"href":"https:\/\/www.messinaoggi.it\/website\/wp-json\/wp\/v2\/media\/81173"}],"wp:attachment":[{"href":"https:\/\/www.messinaoggi.it\/website\/wp-json\/wp\/v2\/media?parent=81172"}],"wp:term":[{"taxonomy":"category","embeddable":true,"href":"https:\/\/www.messinaoggi.it\/website\/wp-json\/wp\/v2\/categories?post=81172"},{"taxonomy":"post_tag","embeddable":true,"href":"https:\/\/www.messinaoggi.it\/website\/wp-json\/wp\/v2\/tags?post=81172"}],"curies":[{"name":"wp","href":"https:\/\/api.w.org\/{rel}","templated":true}]}}