{"id":81158,"date":"2021-09-24T14:07:36","date_gmt":"2021-09-24T12:07:36","guid":{"rendered":"https:\/\/www.messinaoggi.it\/website\/2021\/09\/24\/il-retail-riparte-con-828-nuovi-punti-vendita-nel-2021\/"},"modified":"2021-09-24T14:07:36","modified_gmt":"2021-09-24T12:07:36","slug":"il-retail-riparte-con-828-nuovi-punti-vendita-nel-2021","status":"publish","type":"post","link":"https:\/\/www.messinaoggi.it\/website\/2021\/09\/24\/il-retail-riparte-con-828-nuovi-punti-vendita-nel-2021\/","title":{"rendered":"Il retail riparte con 828 nuovi punti vendita nel 2021"},"content":{"rendered":"<div>MILANO (ITALPRESS) &#8211; Il retail guarda avanti e apre una fase di rilancio: superate le stime di inizio anno con una previsione di 828 nuovi punti vendita. Abbigliamento\/accessori settore principe con 190 esercizi commerciali. Boom di aperture in Lombardia, che si conferma regione top per abbigliamento\/accessori e ristorazione. E ancora: trasformazione digitale e sostenibilit\u00e0 sono i driver del futuro, entro 3 anni il 95% dei retailer sar\u00e0 in grado di automatizzare i processi acquisendo capacit\u00e0 decisionali pi\u00f9 affidabili. Il 78% dei consumatori chiede comportamenti etici ai retailer. Questa la fotografia dell&#8217;analisi semestrale sui piani di sviluppo della base associativa condotta dal Centro Studi Retail Confimprese e presentata durante il 5\u00b0 Retail Summit organizzato a Milano da Confimprese insieme a Jakala.<br \/>L&#8217;incremento di punti vendita sar\u00e0 di quasi l&#8217;8% rispetto al numero di negozi attuale. Numeri addirittura superiori rispetto a quanto previsto a inizio anno grazie a un incremento di 26 unit\u00e0. Dopo abbigliamento\/accessori si trovano ristorazione con 185, casa\/complementi d&#8217;arredo con 109. Seguono cura persona\/beauty, servizi, elettronica\/telefonia, entertainment. Le nuove aperture sono dovute alla necessit\u00e0 da parte dei retailer di continuare a puntare sullo sviluppo della rete distributiva, nonostante il freno imposto dalla pandemia, che ha bloccato i consumi e messo a repentaglio la tenuta del retail.<br \/>&#8220;L&#8217;Italia &#8211; afferma Mario Resca, presidente Confimprese &#8211; \u00e8 la locomotiva d&#8217;Europa trainata da industria ed export. Il confronto tracciato da Istat in questi giorni con Francia e Germania, cresciute rispettivamente dell&#8217;11% e dell&#8217;8% contro il 18% dell&#8217;Italia, accredita la tesi che si tratti di ripresa e non di un rimbalzo. Nel retail il benchmark sull&#8217;anno pre-covid \u00e8 ancora negativo, ma la strada \u00e8 comunque segnata e indica che il governo Draghi tranquillizza l&#8217;Europa e l&#8217;Italia, convince il mondo dell&#8217;industria e del commercio, generando lavoro e stabilit\u00e0&#8221;.<br \/>&#8220;Entro 3 anni &#8211; commenta Marco Di Dio Roccazzella, shareholder e<br \/>managing director Jakala &#8211; il 95% dei retailer sar\u00e0 in grado di<br \/>automatizzare i processi, acquisendo capacit\u00e0 decisionali pi\u00f9<br \/>affidabili. Dall&#8217;Osservatorio Jakala emerge che il 47% dei<br \/>consumatori italiani ritiene molto importante che il brand<br \/>interagisca in modo personalizzato: la customer experience,<br \/>personalizzata e signature \u00e8 un fattore critico di successo. Ne<br \/>consegue un maggior peso del canale digitale da cui dipende<br \/>l&#8217;aumento dell&#8217;importanza di raccolta e attivazione dei dati.<br \/>Analytics, machine learning e intelligenza artificiale applicati a campagne marketing migliorano i risultati, riducendo, per esempio, del 29% il costo delle campagne media advertising. Il ritorno sugli investimenti delle campagne personalizzate per propensione all&#8217;acquisto \u00e8 2,6 volte maggiore rispetto alle campagne mass. Le aziende del retail dovranno essere in grado di cogliere l&#8217;opportunit\u00e0 degli oltre 40 miliardi del Pnrr disponibili per investimenti in digitalizzazione&#8221;.<br \/>(ITALPRESS).<\/div>\n<div id=\"div-gpt-ad-Messinaoggi.it-DSK-300x250-corpoart\" style=\"text-align:center;margin:0 auto;\"><\/div><\/p><div id=\"videoincontent\" style=\"clear:both\";><\/div>","protected":false},"excerpt":{"rendered":"<p>MILANO (ITALPRESS) &#8211; Il retail guarda avanti e apre una fase di rilancio: superate le stime di inizio anno con una previsione di 828 nuovi punti vendita. Abbigliamento\/accessori settore principe con 190 esercizi commerciali. Boom di aperture in Lombardia, che si conferma regione top per abbigliamento\/accessori e ristorazione. E ancora: trasformazione digitale e sostenibilit\u00e0 sono [&hellip;]<\/p>\n","protected":false},"author":18,"featured_media":81159,"comment_status":"closed","ping_status":"closed","sticky":false,"template":"","format":"standard","meta":{"ub_ctt_via":"","_mi_skip_tracking":false},"categories":[446],"tags":[783],"featured_image_src":"https:\/\/www.messinaoggi.it\/website\/wp-content\/uploads\/2021\/09\/20210924_0958.jpg","author_info":{"display_name":"Admin","author_link":"https:\/\/www.messinaoggi.it\/website\/author\/admin\/"},"digistream_id":0,"digistream":false,"_links":{"self":[{"href":"https:\/\/www.messinaoggi.it\/website\/wp-json\/wp\/v2\/posts\/81158"}],"collection":[{"href":"https:\/\/www.messinaoggi.it\/website\/wp-json\/wp\/v2\/posts"}],"about":[{"href":"https:\/\/www.messinaoggi.it\/website\/wp-json\/wp\/v2\/types\/post"}],"author":[{"embeddable":true,"href":"https:\/\/www.messinaoggi.it\/website\/wp-json\/wp\/v2\/users\/18"}],"replies":[{"embeddable":true,"href":"https:\/\/www.messinaoggi.it\/website\/wp-json\/wp\/v2\/comments?post=81158"}],"version-history":[{"count":0,"href":"https:\/\/www.messinaoggi.it\/website\/wp-json\/wp\/v2\/posts\/81158\/revisions"}],"wp:featuredmedia":[{"embeddable":true,"href":"https:\/\/www.messinaoggi.it\/website\/wp-json\/wp\/v2\/media\/81159"}],"wp:attachment":[{"href":"https:\/\/www.messinaoggi.it\/website\/wp-json\/wp\/v2\/media?parent=81158"}],"wp:term":[{"taxonomy":"category","embeddable":true,"href":"https:\/\/www.messinaoggi.it\/website\/wp-json\/wp\/v2\/categories?post=81158"},{"taxonomy":"post_tag","embeddable":true,"href":"https:\/\/www.messinaoggi.it\/website\/wp-json\/wp\/v2\/tags?post=81158"}],"curies":[{"name":"wp","href":"https:\/\/api.w.org\/{rel}","templated":true}]}}