{"id":81083,"date":"2021-09-23T20:07:33","date_gmt":"2021-09-23T18:07:33","guid":{"rendered":"https:\/\/www.messinaoggi.it\/website\/2021\/09\/23\/mattarella-ai-medagliati-di-tokyo-avete-onorato-il-tricolore\/"},"modified":"2021-09-23T20:07:33","modified_gmt":"2021-09-23T18:07:33","slug":"mattarella-ai-medagliati-di-tokyo-avete-onorato-il-tricolore","status":"publish","type":"post","link":"https:\/\/www.messinaoggi.it\/website\/2021\/09\/23\/mattarella-ai-medagliati-di-tokyo-avete-onorato-il-tricolore\/","title":{"rendered":"Mattarella ai medagliati di Tokyo \u201cAvete onorato il tricolore\u201d"},"content":{"rendered":"<div>ROMA (ITALPRESS) &#8211; &#8220;Grazie a tutti voi per avere reso onore alla bandiera durante tutti i Giochi, olimpici e Paralimpici. Siete stati bravissimi, 109 medaglie, mai cos\u00ec tante. Avete raggiunto traguardi sportivi di altissimo prestigio e avete emozionato gli italiani&#8221;. Lo ha detto il Presidente della Repubblica, Sergio Mattarella, ricevendo al Quirinale (foto Bizzi\/CIP) la squadra italiana di ritorno dai Giochi Olimpici e Paralimpici di Tokyo 2020. Gli Alfieri della squadra olimpica, Elia Viviani e Jessica Rossi, e gli Alfieri della squadra paralimpica, Beatrice Vio e Federico Morlacchi, hanno restituito le bandiere nazionali con le firme degli atleti vincitori di medaglia olimpica e paralimpica. La staffetta azzurra 4&#215;100 composta da Lorenzo Patta, Marcell Jacobs, Fausto Desalu e Filippo Tortu ha consegnato al Presidente Mattarella il testimone di quella storica impresa, mentre Ambra Sabatini, Martina Caironi e Monica Contrafatto, le regine dei 100 metri alle Paralimpiadi di Tokyo 2020 hanno regalato un libro fotografico con le imprese di Tokyo. &#8220;Ci sono momenti in cui lo sport assume un significato pi\u00f9 ampio, e questo \u00e8 uno di quelli. Il nostro Paese, provato dalla pandemia \u00e8 in ripresa, e si \u00e8 sentito rappresentato dal protagonismo di olimpici e paralimpici, ben intepretato, coinvolto, siete stati un bel simbolo&#8221;, ha aggiunto Mattarella che ha avuto parole importanti per il movimento paralimpico. &#8220;Dopo i primi successi ho chiamato il presidente Pancalli e gli ho chiesto di prendere una medaglia in pi\u00f9 rispetto alle Olimpiadi, perch\u00e8 le tante medaglie delle Paralimpiadi hanno certamente spinto tanti ragazzi e ragazze con disabilit\u00e0 a dedicarsi allo sport. Anche per questo lo sport paralimpico nel nostro Paese \u00e8 un&#8217;avanguardia preziosa&#8221; le parole di Mattarella. &#8220;Dietro ognuna di queste medaglie c&#8217;\u00e8 tutto lo sport italiano, colpito ma non abbattuto dalla pandemia e che, in questa straordinaria estate azzurra, ha entusiasmato l&#8217;Italia diventando sempre pi\u00f9 la locomotiva emotiva del nostro Paese&#8221; ha detto la sottosegretaria Vezzali. &#8220;Signor Presidente, questo \u00e8 successo e il merito \u00e8 tutto loro, di questi ragazzi. I nostri balconi sono rivestiti del tricolore, \u00e8 la pi\u00f9 bella medaglia che questi ragazzi hanno vinto, e io con orgoglio voglio dire che sono stati tutti sorelle e fratelli d&#8217;Italia&#8221; ha detto Malag\u00f2. &#8220;Mai avrei immaginato vedere le foto dei nostri atleti sulle prime pagine dei giornali o in apertura dei telegiornali. Questo vuol dire che stiamo contagiando un Paese, che sta cambiando culturalmente, il lento processo riformatore messo in atto ormai \u00e8 inarrestabile&#8221; le parole del presidente del Cip Luca Pancalli.<br \/>(ITALPRESS).<\/div>\n<div id=\"div-gpt-ad-Messinaoggi.it-DSK-300x250-corpoart\" style=\"text-align:center;margin:0 auto;\"><\/div><\/p><div id=\"videoincontent\" style=\"clear:both\";><\/div>","protected":false},"excerpt":{"rendered":"<p>ROMA (ITALPRESS) &#8211; &#8220;Grazie a tutti voi per avere reso onore alla bandiera durante tutti i Giochi, olimpici e Paralimpici. Siete stati bravissimi, 109 medaglie, mai cos\u00ec tante. Avete raggiunto traguardi sportivi di altissimo prestigio e avete emozionato gli italiani&#8221;. Lo ha detto il Presidente della Repubblica, Sergio Mattarella, ricevendo al Quirinale (foto Bizzi\/CIP) la [&hellip;]<\/p>\n","protected":false},"author":18,"featured_media":81084,"comment_status":"closed","ping_status":"closed","sticky":false,"template":"","format":"standard","meta":{"ub_ctt_via":"","_mi_skip_tracking":false},"categories":[446],"tags":[783],"featured_image_src":"https:\/\/www.messinaoggi.it\/website\/wp-content\/uploads\/2021\/09\/20210923_2933.jpg","author_info":{"display_name":"Admin","author_link":"https:\/\/www.messinaoggi.it\/website\/author\/admin\/"},"digistream_id":0,"digistream":false,"_links":{"self":[{"href":"https:\/\/www.messinaoggi.it\/website\/wp-json\/wp\/v2\/posts\/81083"}],"collection":[{"href":"https:\/\/www.messinaoggi.it\/website\/wp-json\/wp\/v2\/posts"}],"about":[{"href":"https:\/\/www.messinaoggi.it\/website\/wp-json\/wp\/v2\/types\/post"}],"author":[{"embeddable":true,"href":"https:\/\/www.messinaoggi.it\/website\/wp-json\/wp\/v2\/users\/18"}],"replies":[{"embeddable":true,"href":"https:\/\/www.messinaoggi.it\/website\/wp-json\/wp\/v2\/comments?post=81083"}],"version-history":[{"count":0,"href":"https:\/\/www.messinaoggi.it\/website\/wp-json\/wp\/v2\/posts\/81083\/revisions"}],"wp:featuredmedia":[{"embeddable":true,"href":"https:\/\/www.messinaoggi.it\/website\/wp-json\/wp\/v2\/media\/81084"}],"wp:attachment":[{"href":"https:\/\/www.messinaoggi.it\/website\/wp-json\/wp\/v2\/media?parent=81083"}],"wp:term":[{"taxonomy":"category","embeddable":true,"href":"https:\/\/www.messinaoggi.it\/website\/wp-json\/wp\/v2\/categories?post=81083"},{"taxonomy":"post_tag","embeddable":true,"href":"https:\/\/www.messinaoggi.it\/website\/wp-json\/wp\/v2\/tags?post=81083"}],"curies":[{"name":"wp","href":"https:\/\/api.w.org\/{rel}","templated":true}]}}