{"id":8107,"date":"2017-09-21T11:06:31","date_gmt":"2017-09-21T09:06:31","guid":{"rendered":"http:\/\/www.messinaoggi.it\/website\/?p=8107"},"modified":"2017-09-21T11:06:31","modified_gmt":"2017-09-21T09:06:31","slug":"sparatoria-al-mama-rito-abbreviato-per-aloisi-e-cute","status":"publish","type":"post","link":"https:\/\/www.messinaoggi.it\/website\/2017\/09\/21\/sparatoria-al-mama-rito-abbreviato-per-aloisi-e-cute\/","title":{"rendered":"Sparatoria al &quot;M&#039;Ama&quot;: rito abbreviato per Aloisi e Cut\u00e8"},"content":{"rendered":"<p>Giudizio abbreviato il 30 ottobre per\u00a0Alessandro Cut\u00e8 e Gianfranco Aloisi, i due giovani fermati per la sparatoria al &#8220;M&#8217;Ama&#8221; del 22 luglio scorso che fer\u00ec gravemente una ragazza, &#8220;colpevole&#8221; solo di trovarsi nel posto sbagliato al momento sbagliato. Nel chiedere il giudizio, la Procura di Messina ha scelto la linea dura, confermando l&#8217;accusa di tentato omicidio.<br \/>\nIl Tribunale del Riesame, pur confermando il carcere per entrambi, ha derubricato la contestazione in lesioni. Vediamo che succeder\u00e0 adesso in udienza, se l&#8217;Accusa confermer\u00e0 la pi\u00f9 grave delle contestazioni oppure se terr\u00e0 conto dell&#8217;indicazione fornita dal vaglio del Riesame.<br \/>\nContro i ragazzi ci sono le numerose testimonianze raccolte davanti al lido, le telecamere che immortalano i giovani in motorino e davanti al locale da dove la security li aveva allontanati e aprire il fuoco, sparando almeno cinque colpi di pistola.<div id=\"div-gpt-ad-Messinaoggi.it-DSK-300x250-corpoart\" style=\"text-align:center;margin:0 auto;\"><\/div><\/p>\n<div id=\"videoincontent\" style=\"clear:both\";><\/div>","protected":false},"excerpt":{"rendered":"<p>Giudizio abbreviato il 30 ottobre per\u00a0Alessandro Cut\u00e8 e Gianfranco Aloisi, i due giovani fermati per la sparatoria al &#8220;M&#8217;Ama&#8221; del 22 luglio scorso che fer\u00ec gravemente una ragazza, &#8220;colpevole&#8221; solo di trovarsi nel posto sbagliato al momento sbagliato. Nel chiedere il giudizio, la Procura di Messina ha scelto la linea dura, confermando l&#8217;accusa di tentato [&hellip;]<\/p>\n","protected":false},"author":2,"featured_media":5297,"comment_status":"closed","ping_status":"open","sticky":false,"template":"","format":"standard","meta":{"ub_ctt_via":"","_mi_skip_tracking":false},"categories":[6],"tags":[],"featured_image_src":"https:\/\/www.messinaoggi.it\/website\/wp-content\/uploads\/2017\/07\/carabinieri-davanti-al-lido-mama-2.jpg","author_info":{"display_name":"Redazione","author_link":"https:\/\/www.messinaoggi.it\/website\/author\/redazione\/"},"digistream_id":0,"digistream":false,"_links":{"self":[{"href":"https:\/\/www.messinaoggi.it\/website\/wp-json\/wp\/v2\/posts\/8107"}],"collection":[{"href":"https:\/\/www.messinaoggi.it\/website\/wp-json\/wp\/v2\/posts"}],"about":[{"href":"https:\/\/www.messinaoggi.it\/website\/wp-json\/wp\/v2\/types\/post"}],"author":[{"embeddable":true,"href":"https:\/\/www.messinaoggi.it\/website\/wp-json\/wp\/v2\/users\/2"}],"replies":[{"embeddable":true,"href":"https:\/\/www.messinaoggi.it\/website\/wp-json\/wp\/v2\/comments?post=8107"}],"version-history":[{"count":0,"href":"https:\/\/www.messinaoggi.it\/website\/wp-json\/wp\/v2\/posts\/8107\/revisions"}],"wp:featuredmedia":[{"embeddable":true,"href":"https:\/\/www.messinaoggi.it\/website\/wp-json\/wp\/v2\/media\/5297"}],"wp:attachment":[{"href":"https:\/\/www.messinaoggi.it\/website\/wp-json\/wp\/v2\/media?parent=8107"}],"wp:term":[{"taxonomy":"category","embeddable":true,"href":"https:\/\/www.messinaoggi.it\/website\/wp-json\/wp\/v2\/categories?post=8107"},{"taxonomy":"post_tag","embeddable":true,"href":"https:\/\/www.messinaoggi.it\/website\/wp-json\/wp\/v2\/tags?post=8107"}],"curies":[{"name":"wp","href":"https:\/\/api.w.org\/{rel}","templated":true}]}}