{"id":8106,"date":"2017-09-21T10:57:55","date_gmt":"2017-09-21T08:57:55","guid":{"rendered":"http:\/\/www.messinaoggi.it\/website\/?p=8106"},"modified":"2017-09-21T10:57:55","modified_gmt":"2017-09-21T08:57:55","slug":"zes-mancuso-avverte-il-progetto-giammoro-non-puo-essere-esteso","status":"publish","type":"post","link":"https:\/\/www.messinaoggi.it\/website\/2017\/09\/21\/zes-mancuso-avverte-il-progetto-giammoro-non-puo-essere-esteso\/","title":{"rendered":"Zes, Mancuso avverte: &quot;Il progetto Giammoro non pu\u00f2 essere esteso&quot;"},"content":{"rendered":"<p>\u201cRitengo sia opportuno valutare con maggiore attenzione le finalit\u00e0 e le caratteristiche che debbono avere le zone economiche speciali alla luce della normativa recentemente approvata\u201d. \u00a0Intervento chiarificatore da parte del senatore Bruno Mancuso, dopo l&#8217;incontro tenutosi alla Camera di Commercio luned\u00ec scorso.<br \/>\n\u201cCome illustrato nella proposta di legge presentata, insieme all&#8217;on. Garofalo al Senato ed alla Camera dei deputati, ritengo che l&#8217;area naturalmente vocata alla localizzazione di una Zes, per le caratteristiche di area svantaggiata a causa del forte impatto ambientale e Sito di Interesse Nazionale, possa essere la zona dell&#8217;area ex ASI di Giammoro, ampliata ad altre realt\u00e0 territoriali dei Comuni limitrofi.\u00a0 \u00a0Un\u2019area \u2013 prosegue Mancuso \u2013 che presenta importanti realt\u00e0 infrastrutturali sul piano dei trasporti, degli insediamenti produttivi e della logistica, e che pu\u00f2 costituire una attrattiva potenziale per investitori internazionali. Fattori questi, che potrebbero essere valutati come elementi di premialit\u00e0 nelle scelte che dovranno essere fatte dal Governo Nazionale.<br \/>\nMancuso avvisa i naviganti sull&#8217;opportunit\u00e0 di estendere il progetto Zes di Giammoro ad altre realt\u00e0 territoriali. &#8220;Nutro perplessit\u00e0 invece per un ampliamento ad altre aree, quali la zona falcata di Messina ed il porto di Tremestieri, perch\u00e9 la zona falcata \u00e8 vocata ad altre destinazioni come previsto nel Piano Regolatore Portuale, e come ribadito ufficialmente nel &#8221; Patto per la Falce&#8221;, sottoscritto da Autorit\u00e0 Portuale e Comune di Messina, con la supervisione dell&#8217;Universit\u00e0 degli Studi, mentre per quanto riguarda la piastra logistica di Tremestieri siamo a livello di mera ipotesi progettuale.<br \/>\nDati i tempi ridotti per la individuazione delle Zes \u2013 conclude Mancuso \u2013 credo sia necessario produrre una proposta coerente, accompagnata da un piano strategico credibile, che metta a sistema la realt\u00e0 esistente e non le aspirazioni\u201d.<div id=\"div-gpt-ad-Messinaoggi.it-DSK-300x250-corpoart\" style=\"text-align:center;margin:0 auto;\"><\/div><\/p>\n<div id=\"videoincontent\" style=\"clear:both\";><\/div>","protected":false},"excerpt":{"rendered":"<p>\u201cRitengo sia opportuno valutare con maggiore attenzione le finalit\u00e0 e le caratteristiche che debbono avere le zone economiche speciali alla luce della normativa recentemente approvata\u201d. \u00a0Intervento chiarificatore da parte del senatore Bruno Mancuso, dopo l&#8217;incontro tenutosi alla Camera di Commercio luned\u00ec scorso. \u201cCome illustrato nella proposta di legge presentata, insieme all&#8217;on. Garofalo al Senato ed [&hellip;]<\/p>\n","protected":false},"author":2,"featured_media":1977,"comment_status":"closed","ping_status":"open","sticky":false,"template":"","format":"standard","meta":{"ub_ctt_via":"","_mi_skip_tracking":false},"categories":[4],"tags":[],"featured_image_src":"https:\/\/www.messinaoggi.it\/website\/wp-content\/uploads\/2017\/06\/Mancuso-Bruno-Papandrea-2.jpg","author_info":{"display_name":"Redazione","author_link":"https:\/\/www.messinaoggi.it\/website\/author\/redazione\/"},"digistream_id":0,"digistream":false,"_links":{"self":[{"href":"https:\/\/www.messinaoggi.it\/website\/wp-json\/wp\/v2\/posts\/8106"}],"collection":[{"href":"https:\/\/www.messinaoggi.it\/website\/wp-json\/wp\/v2\/posts"}],"about":[{"href":"https:\/\/www.messinaoggi.it\/website\/wp-json\/wp\/v2\/types\/post"}],"author":[{"embeddable":true,"href":"https:\/\/www.messinaoggi.it\/website\/wp-json\/wp\/v2\/users\/2"}],"replies":[{"embeddable":true,"href":"https:\/\/www.messinaoggi.it\/website\/wp-json\/wp\/v2\/comments?post=8106"}],"version-history":[{"count":0,"href":"https:\/\/www.messinaoggi.it\/website\/wp-json\/wp\/v2\/posts\/8106\/revisions"}],"wp:featuredmedia":[{"embeddable":true,"href":"https:\/\/www.messinaoggi.it\/website\/wp-json\/wp\/v2\/media\/1977"}],"wp:attachment":[{"href":"https:\/\/www.messinaoggi.it\/website\/wp-json\/wp\/v2\/media?parent=8106"}],"wp:term":[{"taxonomy":"category","embeddable":true,"href":"https:\/\/www.messinaoggi.it\/website\/wp-json\/wp\/v2\/categories?post=8106"},{"taxonomy":"post_tag","embeddable":true,"href":"https:\/\/www.messinaoggi.it\/website\/wp-json\/wp\/v2\/tags?post=8106"}],"curies":[{"name":"wp","href":"https:\/\/api.w.org\/{rel}","templated":true}]}}