{"id":81029,"date":"2021-09-23T15:10:47","date_gmt":"2021-09-23T13:10:47","guid":{"rendered":"http:\/\/www.messinaoggi.it\/website\/?p=81029"},"modified":"2021-09-23T15:11:12","modified_gmt":"2021-09-23T13:11:12","slug":"nibali-torna-allastana-lo-squalo-e-una-famiglia","status":"publish","type":"post","link":"https:\/\/www.messinaoggi.it\/website\/2021\/09\/23\/nibali-torna-allastana-lo-squalo-e-una-famiglia\/","title":{"rendered":"Nibali torna all&#8217;Astana. Lo Squalo: &#8220;E&#8217; una famiglia&#8221;"},"content":{"rendered":"\n<p>Vincenzo Nibali torner\u00e0 all&#8217;Astana, la squadra per cui lo Squalo di Messina ha corso dal 2013 al 2016 e dove ha realizzato tra i maggiori successi della sua carriera, tra cui due vittorie al Giro d&#8217;Italia (2013 e 2016) e al Tour de France (2014). Lo rende noto la stessa squadra kazaka. &#8220;Sono molto felice di tornare nel Team Astana, perch\u00e9 per me \u00e8 una vera famiglia che mi ha dato tanto e insieme alla quale ho raggiunto i miei pi\u00f9 grandi successi &#8211; le parole dello Squalo -. Conosco la maggior parte della dirigenza e dello staff, quindi torner\u00f2 in una squadra che conosco molto bene&#8221;. Quanto agli obiettivi, Nibali non si sbilancia: &#8220;\u00c8 difficile ora parlare di aspettative specifiche, cos\u00ec come dei piani per la prossima stagione. Per me sar\u00e0 intanto un piacevole ricongiungimento con la squadra e vorrei godermi al massimo la prossima stagione. Certo, vorrei mettermi alla prova, raggiungere certi risultati, ma allo stesso tempo sono interessato a fornire la mia esperienza ai giovani corridori. In ogni caso &#8211; conclude &#8211; , con la dirigenza discuteremo ancora di vari aspetti della nuova stagione, determineremo gli obiettivi, sia di squadra che personali, e dopo di ci\u00f2 inizieremo a muoverci nella direzione scelta&#8221;. &#8220;Siamo felici di questo ritorno &#8211; il commento del general manager, Alexandr Vinokurov -. Nibali non ha bisogno di presentazioni, \u00e8 un vero campione e leader. Probabilmente ha trascorso i migliori anni della sua carriera nella nostra squadra, e penso che sia simbolico il fatto che la finir\u00e0 con noi. Il suo arrivo ci aiuter\u00e0 a trasformare e migliorare la squadra, che nella nuova stagione subir\u00e0 dei grandi cambiamenti, e aiutare nella crescita i pi\u00f9 giovani. Tuttavia &#8211; conclude &#8211; credo che Vincenzo non abbia ancora detto la sua ultima parola nel ciclismo, quindi in alcune gare possiamo ancora contare su di lui come leader per raggiungere nuovi successi insieme&#8221;.<div id=\"div-gpt-ad-Messinaoggi.it-DSK-300x250-corpoart\" style=\"text-align:center;margin:0 auto;\"><\/div><\/p>\n<div id=\"videoincontent\" style=\"clear:both\";><\/div>","protected":false},"excerpt":{"rendered":"<p>Vincenzo Nibali torner\u00e0 all&#8217;Astana, la squadra per cui lo Squalo di Messina ha corso dal 2013 al 2016 e dove ha realizzato tra i maggiori successi della sua carriera, tra cui due vittorie al Giro d&#8217;Italia (2013 e 2016) e al Tour de France (2014). Lo rende noto la stessa squadra kazaka. &#8220;Sono molto felice [&hellip;]<\/p>\n","protected":false},"author":4,"featured_media":47730,"comment_status":"open","ping_status":"open","sticky":false,"template":"","format":"standard","meta":{"ub_ctt_via":"","_mi_skip_tracking":false},"categories":[9],"tags":[3047,366],"featured_image_src":"https:\/\/www.messinaoggi.it\/website\/wp-content\/uploads\/2020\/10\/nibali-trek.jpg","author_info":{"display_name":"redme","author_link":"https:\/\/www.messinaoggi.it\/website\/author\/redme\/"},"digistream_id":0,"digistream":false,"_links":{"self":[{"href":"https:\/\/www.messinaoggi.it\/website\/wp-json\/wp\/v2\/posts\/81029"}],"collection":[{"href":"https:\/\/www.messinaoggi.it\/website\/wp-json\/wp\/v2\/posts"}],"about":[{"href":"https:\/\/www.messinaoggi.it\/website\/wp-json\/wp\/v2\/types\/post"}],"author":[{"embeddable":true,"href":"https:\/\/www.messinaoggi.it\/website\/wp-json\/wp\/v2\/users\/4"}],"replies":[{"embeddable":true,"href":"https:\/\/www.messinaoggi.it\/website\/wp-json\/wp\/v2\/comments?post=81029"}],"version-history":[{"count":1,"href":"https:\/\/www.messinaoggi.it\/website\/wp-json\/wp\/v2\/posts\/81029\/revisions"}],"predecessor-version":[{"id":81032,"href":"https:\/\/www.messinaoggi.it\/website\/wp-json\/wp\/v2\/posts\/81029\/revisions\/81032"}],"wp:featuredmedia":[{"embeddable":true,"href":"https:\/\/www.messinaoggi.it\/website\/wp-json\/wp\/v2\/media\/47730"}],"wp:attachment":[{"href":"https:\/\/www.messinaoggi.it\/website\/wp-json\/wp\/v2\/media?parent=81029"}],"wp:term":[{"taxonomy":"category","embeddable":true,"href":"https:\/\/www.messinaoggi.it\/website\/wp-json\/wp\/v2\/categories?post=81029"},{"taxonomy":"post_tag","embeddable":true,"href":"https:\/\/www.messinaoggi.it\/website\/wp-json\/wp\/v2\/tags?post=81029"}],"curies":[{"name":"wp","href":"https:\/\/api.w.org\/{rel}","templated":true}]}}