{"id":80987,"date":"2021-09-23T10:47:40","date_gmt":"2021-09-23T08:47:40","guid":{"rendered":"http:\/\/www.messinaoggi.it\/website\/?p=80987"},"modified":"2021-09-23T10:47:41","modified_gmt":"2021-09-23T08:47:41","slug":"centro-spoke-catania-la-denuncia-della-uil-fpl","status":"publish","type":"post","link":"https:\/\/www.messinaoggi.it\/website\/2021\/09\/23\/centro-spoke-catania-la-denuncia-della-uil-fpl\/","title":{"rendered":"Centro Spoke Catania, la denuncia della Uil-Fpl"},"content":{"rendered":"\n<p>\u201cLa Uil-Fpl \u00e8 stata informata dai propri associati che,  presso il centro Spoke di Catania, vi \u00e8 una grave carenza di medici, al punto che si  sta mettendo fortemente a rischio la continuit\u00e0 assistenziale. Infatti, nella predetta unit\u00e0 operativa risultano in servizio solo 5 medici, di cui  due prestano servizio con orario ridotto per allattamento, impegnati ad assistere circa  25 pazienti, particolarmente fragili, bisognevoli di cure altamente specializzate. Inoltre in tale struttura, prestano servizio numerosi lavoratori dell\u2019Area del  Comparto, appartenenti ai vari profili professionali, altamente professionalizzati nell\u2019ambito dell\u2019assistenza ai pazienti Cerebrolesi. Ci\u00f2 premesso, <strong>si invita codesta amministrazione ad intervenire con estrema  urgenza<\/strong>, al fine di reclutare nel pi\u00f9 breve tempo possibile, il personale medico  necessario, anche attingendo da graduatorie in corso di validit\u00e0 pubblicate da altre  aziende sanitarie siciliane, oppure, in subordine, incentivando prestazioni aggiuntive  di personale medico dipendente di altre aziende, attraverso un progetto obiettivo  mirato al mantenimento dei LEA presso il suddetto Centro Spoke. All\u2019assessore regionale alla salute si chiede un  intervento urgente, al fine di garantire la continuit\u00e0 assistenziale presso il Centro  Spoke Neurolesi di Catania, nonch\u00e9 il mantenimento dei posti di lavoro. Nel porgere distinti saluti si rimane in attesa di urgente riscontro\u201d.<div id=\"div-gpt-ad-Messinaoggi.it-DSK-300x250-corpoart\" style=\"text-align:center;margin:0 auto;\"><\/div><\/p>\n\n\n\n<p>Lo scrivono in una nota indirizzata all\u2019Irccs-Neurolesi di Messina che gestisce i Centri, il segretario generale della Uil-Fpl Messina, Pippo Calapai, e i segretari aziendali Maurizio Celona e Nino Nunnari. <div id=\"videoincontent\" style=\"clear:both\";><\/div><\/p>\n\n\n\n<p><\/p>\n","protected":false},"excerpt":{"rendered":"<p>\u201cLa Uil-Fpl \u00e8 stata informata dai propri associati che, presso il centro Spoke di Catania, vi \u00e8 una grave carenza di medici, al punto che si sta mettendo fortemente a rischio la continuit\u00e0 assistenziale. Infatti, nella predetta unit\u00e0 operativa risultano in servizio solo 5 medici, di cui due prestano servizio con orario ridotto per allattamento, [&hellip;]<\/p>\n","protected":false},"author":2,"featured_media":41519,"comment_status":"open","ping_status":"open","sticky":false,"template":"","format":"standard","meta":{"ub_ctt_via":"","_mi_skip_tracking":false},"categories":[11],"tags":[456,3043,937],"featured_image_src":"https:\/\/www.messinaoggi.it\/website\/wp-content\/uploads\/2020\/03\/147B6DF5-FE10-4FC8-9B46-502832DEBF02.jpeg","author_info":{"display_name":"Redazione","author_link":"https:\/\/www.messinaoggi.it\/website\/author\/redazione\/"},"digistream_id":0,"digistream":false,"_links":{"self":[{"href":"https:\/\/www.messinaoggi.it\/website\/wp-json\/wp\/v2\/posts\/80987"}],"collection":[{"href":"https:\/\/www.messinaoggi.it\/website\/wp-json\/wp\/v2\/posts"}],"about":[{"href":"https:\/\/www.messinaoggi.it\/website\/wp-json\/wp\/v2\/types\/post"}],"author":[{"embeddable":true,"href":"https:\/\/www.messinaoggi.it\/website\/wp-json\/wp\/v2\/users\/2"}],"replies":[{"embeddable":true,"href":"https:\/\/www.messinaoggi.it\/website\/wp-json\/wp\/v2\/comments?post=80987"}],"version-history":[{"count":1,"href":"https:\/\/www.messinaoggi.it\/website\/wp-json\/wp\/v2\/posts\/80987\/revisions"}],"predecessor-version":[{"id":80988,"href":"https:\/\/www.messinaoggi.it\/website\/wp-json\/wp\/v2\/posts\/80987\/revisions\/80988"}],"wp:featuredmedia":[{"embeddable":true,"href":"https:\/\/www.messinaoggi.it\/website\/wp-json\/wp\/v2\/media\/41519"}],"wp:attachment":[{"href":"https:\/\/www.messinaoggi.it\/website\/wp-json\/wp\/v2\/media?parent=80987"}],"wp:term":[{"taxonomy":"category","embeddable":true,"href":"https:\/\/www.messinaoggi.it\/website\/wp-json\/wp\/v2\/categories?post=80987"},{"taxonomy":"post_tag","embeddable":true,"href":"https:\/\/www.messinaoggi.it\/website\/wp-json\/wp\/v2\/tags?post=80987"}],"curies":[{"name":"wp","href":"https:\/\/api.w.org\/{rel}","templated":true}]}}