{"id":8091,"date":"2017-09-21T08:53:17","date_gmt":"2017-09-21T06:53:17","guid":{"rendered":"http:\/\/www.messinaoggi.it\/website\/?p=8091"},"modified":"2017-09-21T08:53:17","modified_gmt":"2017-09-21T06:53:17","slug":"fucilata-alla-gamba-ferito-un-uomo-di-71-anni","status":"publish","type":"post","link":"https:\/\/www.messinaoggi.it\/website\/2017\/09\/21\/fucilata-alla-gamba-ferito-un-uomo-di-71-anni\/","title":{"rendered":"Fucilata alla gamba: ferito un uomo di 71 anni"},"content":{"rendered":"<p>Un pensionato di 71 anni \u00e8 stato ferito alla gamba destra da una fucilata esplosa da uno sconosciuto ieri pomeriggio a Terme Vigliatore. L&#8217;anziano si trovava in un terreno di sua propriet\u00e0 quando \u00e8 stato centrato alla gamba da un colpo di fucile.<br \/>\nIl pensionato ha chiesto soccorsi ed \u00e8 stato accompagnato in ospedale dove si trova ricoverato in condizioni stazionarie.<br \/>\nAvviate le indagini da parte dei carabinieri per risalire all&#8217;autore del ferimento. Non si esclude la pista della vendetta personale. L&#8217;uomo sar\u00e0 nuovamente interrogato dai carabinieri di Barcellona che stanno seguendo le indagini.<div id=\"div-gpt-ad-Messinaoggi.it-DSK-300x250-corpoart\" style=\"text-align:center;margin:0 auto;\"><\/div><\/p>\n<div id=\"videoincontent\" style=\"clear:both\";><\/div>","protected":false},"excerpt":{"rendered":"<p>Un pensionato di 71 anni \u00e8 stato ferito alla gamba destra da una fucilata esplosa da uno sconosciuto ieri pomeriggio a Terme Vigliatore. L&#8217;anziano si trovava in un terreno di sua propriet\u00e0 quando \u00e8 stato centrato alla gamba da un colpo di fucile. Il pensionato ha chiesto soccorsi ed \u00e8 stato accompagnato in ospedale dove [&hellip;]<\/p>\n","protected":false},"author":2,"featured_media":1270,"comment_status":"closed","ping_status":"open","sticky":false,"template":"","format":"standard","meta":{"ub_ctt_via":"","_mi_skip_tracking":false},"categories":[6],"tags":[],"featured_image_src":"https:\/\/www.messinaoggi.it\/website\/wp-content\/uploads\/2017\/06\/carabinieri-2.jpg","author_info":{"display_name":"Redazione","author_link":"https:\/\/www.messinaoggi.it\/website\/author\/redazione\/"},"digistream_id":0,"digistream":false,"_links":{"self":[{"href":"https:\/\/www.messinaoggi.it\/website\/wp-json\/wp\/v2\/posts\/8091"}],"collection":[{"href":"https:\/\/www.messinaoggi.it\/website\/wp-json\/wp\/v2\/posts"}],"about":[{"href":"https:\/\/www.messinaoggi.it\/website\/wp-json\/wp\/v2\/types\/post"}],"author":[{"embeddable":true,"href":"https:\/\/www.messinaoggi.it\/website\/wp-json\/wp\/v2\/users\/2"}],"replies":[{"embeddable":true,"href":"https:\/\/www.messinaoggi.it\/website\/wp-json\/wp\/v2\/comments?post=8091"}],"version-history":[{"count":0,"href":"https:\/\/www.messinaoggi.it\/website\/wp-json\/wp\/v2\/posts\/8091\/revisions"}],"wp:featuredmedia":[{"embeddable":true,"href":"https:\/\/www.messinaoggi.it\/website\/wp-json\/wp\/v2\/media\/1270"}],"wp:attachment":[{"href":"https:\/\/www.messinaoggi.it\/website\/wp-json\/wp\/v2\/media?parent=8091"}],"wp:term":[{"taxonomy":"category","embeddable":true,"href":"https:\/\/www.messinaoggi.it\/website\/wp-json\/wp\/v2\/categories?post=8091"},{"taxonomy":"post_tag","embeddable":true,"href":"https:\/\/www.messinaoggi.it\/website\/wp-json\/wp\/v2\/tags?post=8091"}],"curies":[{"name":"wp","href":"https:\/\/api.w.org\/{rel}","templated":true}]}}