{"id":80849,"date":"2021-09-22T11:35:04","date_gmt":"2021-09-22T09:35:04","guid":{"rendered":"http:\/\/www.messinaoggi.it\/website\/?p=80849"},"modified":"2021-09-22T13:24:06","modified_gmt":"2021-09-22T11:24:06","slug":"nuovo-decesso-al-papardo-ricoveri-in-aumento","status":"publish","type":"post","link":"https:\/\/www.messinaoggi.it\/website\/2021\/09\/22\/nuovo-decesso-al-papardo-ricoveri-in-aumento\/","title":{"rendered":"Nuovo decesso al Papardo, ricoveri in aumento"},"content":{"rendered":"\n<p>Non si allenta la pressione sugli ospedali di Messina e provincia dovuta ai malati di Covid-19. Nelle ultime 24 ore i ricoverati per Covid sono passati da 98 a 104.<div id=\"div-gpt-ad-Messinaoggi.it-DSK-300x250-corpoart\" style=\"text-align:center;margin:0 auto;\"><\/div><\/p>\n\n\n\n<p>I ricoveri risultano cos\u00ec distribuiti: 49 al Policlinico (di cui 10 in rianimazione), 23 al Papardo (6 in Rianimazione), 14 all\u2019ospedale di Barcellona e 8 all\u2019IRCCS Piemonte.<div id=\"videoincontent\" style=\"clear:both\";><\/div><\/p>\n\n\n\n<p>Intanto si \u00e8 registrato un nuovo decesso. La malattia continua a mietere vittime tra le persone pi\u00f9 anziane: oggi \u00e8 deceduta una donna di 82 anni;  la donna era vaccinata con una dose.<\/p>\n","protected":false},"excerpt":{"rendered":"<p>Non si allenta la pressione sugli ospedali di Messina e provincia dovuta ai malati di Covid-19. Nelle ultime 24 ore i ricoverati per Covid sono passati da 98 a 104. I ricoveri risultano cos\u00ec distribuiti: 49 al Policlinico (di cui 10 in rianimazione), 23 al Papardo (6 in Rianimazione), 14 all\u2019ospedale di Barcellona e 8 [&hellip;]<\/p>\n","protected":false},"author":8,"featured_media":51960,"comment_status":"open","ping_status":"open","sticky":false,"template":"","format":"standard","meta":{"ub_ctt_via":"","_mi_skip_tracking":false},"categories":[221],"tags":[227],"featured_image_src":"https:\/\/www.messinaoggi.it\/website\/wp-content\/uploads\/2021\/01\/20210120_2721.jpg","author_info":{"display_name":"red..me","author_link":"https:\/\/www.messinaoggi.it\/website\/author\/redstage\/"},"digistream_id":0,"digistream":false,"_links":{"self":[{"href":"https:\/\/www.messinaoggi.it\/website\/wp-json\/wp\/v2\/posts\/80849"}],"collection":[{"href":"https:\/\/www.messinaoggi.it\/website\/wp-json\/wp\/v2\/posts"}],"about":[{"href":"https:\/\/www.messinaoggi.it\/website\/wp-json\/wp\/v2\/types\/post"}],"author":[{"embeddable":true,"href":"https:\/\/www.messinaoggi.it\/website\/wp-json\/wp\/v2\/users\/8"}],"replies":[{"embeddable":true,"href":"https:\/\/www.messinaoggi.it\/website\/wp-json\/wp\/v2\/comments?post=80849"}],"version-history":[{"count":2,"href":"https:\/\/www.messinaoggi.it\/website\/wp-json\/wp\/v2\/posts\/80849\/revisions"}],"predecessor-version":[{"id":80861,"href":"https:\/\/www.messinaoggi.it\/website\/wp-json\/wp\/v2\/posts\/80849\/revisions\/80861"}],"wp:featuredmedia":[{"embeddable":true,"href":"https:\/\/www.messinaoggi.it\/website\/wp-json\/wp\/v2\/media\/51960"}],"wp:attachment":[{"href":"https:\/\/www.messinaoggi.it\/website\/wp-json\/wp\/v2\/media?parent=80849"}],"wp:term":[{"taxonomy":"category","embeddable":true,"href":"https:\/\/www.messinaoggi.it\/website\/wp-json\/wp\/v2\/categories?post=80849"},{"taxonomy":"post_tag","embeddable":true,"href":"https:\/\/www.messinaoggi.it\/website\/wp-json\/wp\/v2\/tags?post=80849"}],"curies":[{"name":"wp","href":"https:\/\/api.w.org\/{rel}","templated":true}]}}