{"id":80669,"date":"2021-09-20T22:21:34","date_gmt":"2021-09-20T20:21:34","guid":{"rendered":"http:\/\/www.messinaoggi.it\/website\/?p=80669"},"modified":"2021-09-20T19:22:21","modified_gmt":"2021-09-20T17:22:21","slug":"calcio-a-5-siac-messina-il-dg-la-mendola-presenta-la-stagione-di-serie-b","status":"publish","type":"post","link":"https:\/\/www.messinaoggi.it\/website\/2021\/09\/20\/calcio-a-5-siac-messina-il-dg-la-mendola-presenta-la-stagione-di-serie-b\/","title":{"rendered":"CALCIO a 5 &#8211; Siac Messina, il dg La Mendola presenta la stagione di serie B"},"content":{"rendered":"\n<p>E\u2019 una Siac Messina rinnovata negli uomini e nello spirito quella che si prepara a disputare il campionato nazionale di serie B di calcio a 5, che prender\u00e0 il via sabato 9 ottobre, quando i biancazzurri affronteranno, in trasferta, il Casali del Manco.<div id=\"div-gpt-ad-Messinaoggi.it-DSK-300x250-corpoart\" style=\"text-align:center;margin:0 auto;\"><\/div><\/p>\n\n\n\n<p>Sono cambiati l\u2019allenatore, ora la panchina \u00e8 affidata ad Erminio Fazio, e diversi giocatori, ma la costante della societ\u00e0 presieduta da Marco Ravid\u00e0 \u00e8 puntare sui giovani del vivaio, come confermano le parole del direttore generale Salvatore La Mendola<em>: \u201cSta per cominciare un torneo importante dopo la stupenda esperienza vissuta in A2. Saremmo stati disponibili a ripeterla, ma le perduranti problematiche legate all\u2019impiantistica cittadina ci hanno fermati, scoraggiando questa nostra intenzione. Abbiamo puntato su un gruppo di messinesi, composto in gran parte da elementi che abbiamo cresciuto da piccoli, con l\u2019aggiunta di alcuni calcettisti pi\u00f9 esperti. Vedremo cosa riusciremo a fare in una categoria competitiva. Toccher\u00e0 a mister Fazio trovare l\u2019amalgama ed il campo giudicher\u00e0 la bont\u00e0 del lavoro svolto\u201d.<\/em><div id=\"videoincontent\" style=\"clear:both\";><\/div><\/p>\n\n\n\n<figure class=\"wp-block-image size-large\"><img loading=\"lazy\" width=\"1024\" height=\"682\" src=\"https:\/\/www.messinaoggi.it\/website\/wp-content\/uploads\/2021\/09\/Il-direttore-generale-Salvatore-La-Mendola-SIAC-MESSINA-2-1024x682.jpg\" alt=\"\" class=\"wp-image-80671\" srcset=\"https:\/\/www.messinaoggi.it\/website\/wp-content\/uploads\/2021\/09\/Il-direttore-generale-Salvatore-La-Mendola-SIAC-MESSINA-2-1024x682.jpg 1024w, https:\/\/www.messinaoggi.it\/website\/wp-content\/uploads\/2021\/09\/Il-direttore-generale-Salvatore-La-Mendola-SIAC-MESSINA-2-300x200.jpg 300w, https:\/\/www.messinaoggi.it\/website\/wp-content\/uploads\/2021\/09\/Il-direttore-generale-Salvatore-La-Mendola-SIAC-MESSINA-2-768x512.jpg 768w, https:\/\/www.messinaoggi.it\/website\/wp-content\/uploads\/2021\/09\/Il-direttore-generale-Salvatore-La-Mendola-SIAC-MESSINA-2-1536x1023.jpg 1536w, https:\/\/www.messinaoggi.it\/website\/wp-content\/uploads\/2021\/09\/Il-direttore-generale-Salvatore-La-Mendola-SIAC-MESSINA-2.jpg 1600w\" sizes=\"(max-width: 1024px) 100vw, 1024px\" \/><figcaption><em><strong>Il DG della Siac Messina, Salvatore La Mendola<\/strong><\/em><\/figcaption><\/figure>\n\n\n\n<p>Che idea ha del girone siculo-calabrese? <em>\u201cIl livello mi sembra abbastanza alto, poich\u00e9 molte formazioni presentano organici con diversi stranieri. Si dovr\u00e0 appurare, comunque, la loro qualit\u00e0 individuale. Il mio augurio \u00e8 che i quattro club messinesi facciano bene per portare sempre pi\u00f9 avanti il movimento nell\u2019intera provincia\u201d.  <\/em><\/p>\n\n\n\n<p>La dirigenza conferma, intanto, il programma degli allenamenti condivisi, che prevedono marted\u00ec 28 settembre un test in Calabria sul campo del Cataforio, compagine di C1 che l\u2019anno scorso si era salvata in A2. Ufficializza, inoltre, la collaborazione tecnica per la stagione 2021\/2022 con l&#8217;Asd Messina Sud, che riguarder\u00e0 la scuola calcio a 5, e ringrazia il responsabile Lillo Trimarchi per la disponibilit\u00e0 dimostrata. L&#8217;attivit\u00e0 si svolger\u00e0 nel centro sportivo &#8220;Il Limoneto&#8221;, sito sulla Statale 114 a Galati Marina.    <\/p>\n","protected":false},"excerpt":{"rendered":"<p>E\u2019 una Siac Messina rinnovata negli uomini e nello spirito quella che si prepara a disputare il campionato nazionale di serie B di calcio a 5, che prender\u00e0 il via sabato 9 ottobre, quando i biancazzurri affronteranno, in trasferta, il Casali del Manco. Sono cambiati l\u2019allenatore, ora la panchina \u00e8 affidata ad Erminio Fazio, e [&hellip;]<\/p>\n","protected":false},"author":17,"featured_media":80670,"comment_status":"open","ping_status":"open","sticky":false,"template":"","format":"standard","meta":{"ub_ctt_via":"","_mi_skip_tracking":false},"categories":[8,9],"tags":[3023,392],"featured_image_src":"https:\/\/www.messinaoggi.it\/website\/wp-content\/uploads\/2021\/09\/SIAC-MESSINA-in-un-allenamento-condiviso.jpg","author_info":{"display_name":"Giuseppe Luppino","author_link":"https:\/\/www.messinaoggi.it\/website\/author\/g-luppino\/"},"digistream_id":0,"digistream":false,"_links":{"self":[{"href":"https:\/\/www.messinaoggi.it\/website\/wp-json\/wp\/v2\/posts\/80669"}],"collection":[{"href":"https:\/\/www.messinaoggi.it\/website\/wp-json\/wp\/v2\/posts"}],"about":[{"href":"https:\/\/www.messinaoggi.it\/website\/wp-json\/wp\/v2\/types\/post"}],"author":[{"embeddable":true,"href":"https:\/\/www.messinaoggi.it\/website\/wp-json\/wp\/v2\/users\/17"}],"replies":[{"embeddable":true,"href":"https:\/\/www.messinaoggi.it\/website\/wp-json\/wp\/v2\/comments?post=80669"}],"version-history":[{"count":1,"href":"https:\/\/www.messinaoggi.it\/website\/wp-json\/wp\/v2\/posts\/80669\/revisions"}],"predecessor-version":[{"id":80672,"href":"https:\/\/www.messinaoggi.it\/website\/wp-json\/wp\/v2\/posts\/80669\/revisions\/80672"}],"wp:featuredmedia":[{"embeddable":true,"href":"https:\/\/www.messinaoggi.it\/website\/wp-json\/wp\/v2\/media\/80670"}],"wp:attachment":[{"href":"https:\/\/www.messinaoggi.it\/website\/wp-json\/wp\/v2\/media?parent=80669"}],"wp:term":[{"taxonomy":"category","embeddable":true,"href":"https:\/\/www.messinaoggi.it\/website\/wp-json\/wp\/v2\/categories?post=80669"},{"taxonomy":"post_tag","embeddable":true,"href":"https:\/\/www.messinaoggi.it\/website\/wp-json\/wp\/v2\/tags?post=80669"}],"curies":[{"name":"wp","href":"https:\/\/api.w.org\/{rel}","templated":true}]}}