{"id":80625,"date":"2021-09-20T17:00:48","date_gmt":"2021-09-20T15:00:48","guid":{"rendered":"http:\/\/www.messinaoggi.it\/website\/?p=80625"},"modified":"2021-09-20T17:01:09","modified_gmt":"2021-09-20T15:01:09","slug":"uiltrasporti-tram-a-binario-unico-una-bestemmia","status":"publish","type":"post","link":"https:\/\/www.messinaoggi.it\/website\/2021\/09\/20\/uiltrasporti-tram-a-binario-unico-una-bestemmia\/","title":{"rendered":"Uiltrasporti: &#8220;Tram a binario unico? Una bestemmia&#8221;"},"content":{"rendered":"\n<p>&#8220;Non ci interessa ironizzare sul progetto originario che vedeva nel programma elettorale del sindaco De luca la realizzazione della monorotaia sopraelevata, poi tristemente abbandonato &#8211; dichiara Michele Barresi segretario Uiltrasporti Messina &#8211; ma se da un lato si dichiara di voler cambiare il volto di Messina, invertendo la rotta rispetto all&#8217;uso dell&#8217;auto privata e incentivando il trasporto pubblico e si annuncia addirittura la volont\u00e0 di pedonalizzare da Villa Dante a Piazza Cairoli, dall&#8217;altro non si pu\u00f2 immaginare di passare la linea tranviaria da doppio a semplice binario. Forse si \u00e8 tornati indietro sul progetto del tram &#8220;volante&#8221; per non gettare al vento 25 milioni che erano da anni gi\u00e0 stanziati nella &#8220;Cura del ferro&#8221; dell&#8217;epoca del Ministro Delrio, programmati e finanziati tra il 2016 e il 2017, per restyling di vetture e nuova infrastruttura, ma perch\u00e9 impiegarli per &#8220;ridimensionare&#8221; il servizio tranviario e non rilanciarlo realmente?<br>La modifica del percorso del tram, che in alcuni punti come Provinciale e Cortina del porto verrebbe ridotto a binario unico, va in direzione opposta a quel potenziamento del trasporto pubblico che si annuncia.<div id=\"div-gpt-ad-Messinaoggi.it-DSK-300x250-corpoart\" style=\"text-align:center;margin:0 auto;\"><\/div><\/p>\n\n\n\n<p>Di fatto si fa fare un passo indietro al trasporto pubblico &#8211; continua Barresi &#8211; riducendo capacit\u00e0 di trasporto della linea ad un solo binario, forse per &#8220;favorire&#8221; il commercio ma col risultato di incentivare il trasporto su mezzo privato che vede Messina tra le citt\u00e0 pi\u00f9 caotiche d\u2019Italia. Passare anche per brevi tratte da doppio binario a binario unico &#8211; conclude Barresi &#8211; com\u2019\u00e8 chiaro anche ai profani della materia, vuol dire far fare al tram un passo indietro in termini di velocit\u00e0 di percorrenza, ma soprattutto penalizzarlo nella gestione del servizio. Oggi nelle grandi citt\u00e0 si moltiplicano le linee di tram e metropolitane, se ne costruiscono di muove, mentre a Messina si toglie un binario dicendo di voler scommettere sul servizio pubblico. Se davvero l\u2019intento \u00e8 quello di cambiare il volto della citt\u00e0 si dovrebbe avere il coraggio di spostare il percorso del tram da quelle zone che si vogliono restituire alla fruizione dei cittadini.<div id=\"videoincontent\" style=\"clear:both\";><\/div><\/p>\n\n\n\n<p>Con progetti di questo tipo non si raggiunge l\u2019obiettivo e si finisce solo per ridimensionare il servizio, lasciando comunque quelle cesoie che limitano l\u2019affaccio a mare o strozzano la viabilit\u00e0 in alcuni punti della citt\u00e0&#8221;.<\/p>\n","protected":false},"excerpt":{"rendered":"<p>&#8220;Non ci interessa ironizzare sul progetto originario che vedeva nel programma elettorale del sindaco De luca la realizzazione della monorotaia sopraelevata, poi tristemente abbandonato &#8211; dichiara Michele Barresi segretario Uiltrasporti Messina &#8211; ma se da un lato si dichiara di voler cambiare il volto di Messina, invertendo la rotta rispetto all&#8217;uso dell&#8217;auto privata e incentivando [&hellip;]<\/p>\n","protected":false},"author":4,"featured_media":5899,"comment_status":"open","ping_status":"open","sticky":false,"template":"","format":"standard","meta":{"ub_ctt_via":"","_mi_skip_tracking":false},"categories":[6],"tags":[1023,1218,871],"featured_image_src":"https:\/\/www.messinaoggi.it\/website\/wp-content\/uploads\/2017\/08\/tram-messina-2.jpg","author_info":{"display_name":"redme","author_link":"https:\/\/www.messinaoggi.it\/website\/author\/redme\/"},"digistream_id":0,"digistream":false,"_links":{"self":[{"href":"https:\/\/www.messinaoggi.it\/website\/wp-json\/wp\/v2\/posts\/80625"}],"collection":[{"href":"https:\/\/www.messinaoggi.it\/website\/wp-json\/wp\/v2\/posts"}],"about":[{"href":"https:\/\/www.messinaoggi.it\/website\/wp-json\/wp\/v2\/types\/post"}],"author":[{"embeddable":true,"href":"https:\/\/www.messinaoggi.it\/website\/wp-json\/wp\/v2\/users\/4"}],"replies":[{"embeddable":true,"href":"https:\/\/www.messinaoggi.it\/website\/wp-json\/wp\/v2\/comments?post=80625"}],"version-history":[{"count":1,"href":"https:\/\/www.messinaoggi.it\/website\/wp-json\/wp\/v2\/posts\/80625\/revisions"}],"predecessor-version":[{"id":80626,"href":"https:\/\/www.messinaoggi.it\/website\/wp-json\/wp\/v2\/posts\/80625\/revisions\/80626"}],"wp:featuredmedia":[{"embeddable":true,"href":"https:\/\/www.messinaoggi.it\/website\/wp-json\/wp\/v2\/media\/5899"}],"wp:attachment":[{"href":"https:\/\/www.messinaoggi.it\/website\/wp-json\/wp\/v2\/media?parent=80625"}],"wp:term":[{"taxonomy":"category","embeddable":true,"href":"https:\/\/www.messinaoggi.it\/website\/wp-json\/wp\/v2\/categories?post=80625"},{"taxonomy":"post_tag","embeddable":true,"href":"https:\/\/www.messinaoggi.it\/website\/wp-json\/wp\/v2\/tags?post=80625"}],"curies":[{"name":"wp","href":"https:\/\/api.w.org\/{rel}","templated":true}]}}