{"id":8059,"date":"2017-09-20T13:32:29","date_gmt":"2017-09-20T11:32:29","guid":{"rendered":"http:\/\/www.messinaoggi.it\/website\/?p=8059"},"modified":"2017-09-20T13:32:29","modified_gmt":"2017-09-20T11:32:29","slug":"santa-margherita-il-giallo-del-semaforo-e-lo-scontro-tra-dipartimenti","status":"publish","type":"post","link":"https:\/\/www.messinaoggi.it\/website\/2017\/09\/20\/santa-margherita-il-giallo-del-semaforo-e-lo-scontro-tra-dipartimenti\/","title":{"rendered":"Santa Margherita, il &quot;giallo&quot; del semaforo e lo scontro tra dipartimenti"},"content":{"rendered":"<p>Sul &#8220;giallo&#8221; e non in senso di colore lampeggiante del semaforo di Santa Margherita interviene la Prima Circoscrizione &#8220;Kaloner\u00f2&#8221;. Ieri in un nostro servizio avevamo denunciato il mancato funzionamento dell&#8217;impianto semaforico, oggi arriva una nota che non mancher\u00e0 di suscitare nuove polemiche.<br \/>\nIl documento a firma di Giuseppe Messina, presidente della Prima Circoscrizione, invita gli organi competenti ad intervenire con una certa urgenza per la grave situazione di pericolo esistente da oltre una settimana sulla Strada statale 114.<br \/>\n&#8220;Nonostante siano state effettuate numerose richieste di intervento &#8211; si legge &#8211; ci viene comunicato che la causa della mancata riattivazione \u00e8 dovuta alla non presa in carico dell&#8217;impianto da parte del Dipartimento di Mobilit\u00e0 e ci\u00f2 appare paradossale in quanto l&#8217;impianto \u00e8 attivo dal 2013 con regolari interventi di manutenzione.<br \/>\nOggi a distanza di quattro anni si viene a conoscenza, sempre a dire dell&#8217;ing. Pizzino, che l&#8217;impianto non \u00e8 norma e l&#8217;attivazione potr\u00e0 avvenire solo dopo la messa in sicurezza a carico del Dipartimento dei lavori pubblici&#8221;.<br \/>\nIn poche parole un rimpallo di competenze tra dipartimenti che rischia di mettere a repentaglio la sicurezza stradale. L&#8217;ennesimo paradosso di una citt\u00e0 allo sbando &#8211; aggiungiamo noi &#8211; che non riesce ad intervenire nemmeno su piccoli interventi di manutenzione. Il maltempo dell&#8217;11 settembre rischia di trasformarsi in bufera, specie negli uffici di Palazzo Zanca&#8230;<br \/>\n <br \/>\n <div id=\"div-gpt-ad-Messinaoggi.it-DSK-300x250-corpoart\" style=\"text-align:center;margin:0 auto;\"><\/div><\/p>\n<div id=\"videoincontent\" style=\"clear:both\";><\/div>","protected":false},"excerpt":{"rendered":"<p>Sul &#8220;giallo&#8221; e non in senso di colore lampeggiante del semaforo di Santa Margherita interviene la Prima Circoscrizione &#8220;Kaloner\u00f2&#8221;. Ieri in un nostro servizio avevamo denunciato il mancato funzionamento dell&#8217;impianto semaforico, oggi arriva una nota che non mancher\u00e0 di suscitare nuove polemiche. Il documento a firma di Giuseppe Messina, presidente della Prima Circoscrizione, invita gli [&hellip;]<\/p>\n","protected":false},"author":2,"featured_media":8064,"comment_status":"closed","ping_status":"open","sticky":false,"template":"","format":"standard","meta":{"ub_ctt_via":"","_mi_skip_tracking":false},"categories":[6],"tags":[],"featured_image_src":"https:\/\/www.messinaoggi.it\/website\/wp-content\/uploads\/2017\/09\/IMG-20170920-WA0022-1-2.jpg","author_info":{"display_name":"Redazione","author_link":"https:\/\/www.messinaoggi.it\/website\/author\/redazione\/"},"digistream_id":0,"digistream":false,"_links":{"self":[{"href":"https:\/\/www.messinaoggi.it\/website\/wp-json\/wp\/v2\/posts\/8059"}],"collection":[{"href":"https:\/\/www.messinaoggi.it\/website\/wp-json\/wp\/v2\/posts"}],"about":[{"href":"https:\/\/www.messinaoggi.it\/website\/wp-json\/wp\/v2\/types\/post"}],"author":[{"embeddable":true,"href":"https:\/\/www.messinaoggi.it\/website\/wp-json\/wp\/v2\/users\/2"}],"replies":[{"embeddable":true,"href":"https:\/\/www.messinaoggi.it\/website\/wp-json\/wp\/v2\/comments?post=8059"}],"version-history":[{"count":0,"href":"https:\/\/www.messinaoggi.it\/website\/wp-json\/wp\/v2\/posts\/8059\/revisions"}],"wp:featuredmedia":[{"embeddable":true,"href":"https:\/\/www.messinaoggi.it\/website\/wp-json\/wp\/v2\/media\/8064"}],"wp:attachment":[{"href":"https:\/\/www.messinaoggi.it\/website\/wp-json\/wp\/v2\/media?parent=8059"}],"wp:term":[{"taxonomy":"category","embeddable":true,"href":"https:\/\/www.messinaoggi.it\/website\/wp-json\/wp\/v2\/categories?post=8059"},{"taxonomy":"post_tag","embeddable":true,"href":"https:\/\/www.messinaoggi.it\/website\/wp-json\/wp\/v2\/tags?post=8059"}],"curies":[{"name":"wp","href":"https:\/\/api.w.org\/{rel}","templated":true}]}}