{"id":80577,"date":"2021-09-20T10:08:59","date_gmt":"2021-09-20T08:08:59","guid":{"rendered":"http:\/\/www.messinaoggi.it\/website\/?p=80577"},"modified":"2021-09-20T17:02:21","modified_gmt":"2021-09-20T15:02:21","slug":"covid-al-via-le-terze-dosi-figliuolo-in-sicilia","status":"publish","type":"post","link":"https:\/\/www.messinaoggi.it\/website\/2021\/09\/20\/covid-al-via-le-terze-dosi-figliuolo-in-sicilia\/","title":{"rendered":"Covid, al via le terze dosi: Figliuolo in Sicilia"},"content":{"rendered":"\n<p>Oggi parte ufficialmente in tutta Italia la campagna per la somministrazione delle terze dosi di vaccino, per circa tre milioni di pazienti &#8220;fragili&#8221; immunodepressi. <div id=\"div-gpt-ad-Messinaoggi.it-DSK-300x250-corpoart\" style=\"text-align:center;margin:0 auto;\"><\/div><\/p>\n\n\n\n<p>Il commissario nazionale per l&#8217;emergenza Covid, il generale Francesco Paolo Figliuolo, sar\u00e0 nel pomeriggio a Palermo. Il primo appuntamento \u00e8 alle 17 all&#8217;Ismett, dove ad accoglierlo ci saranno il presidente della Regione Nello Musumeci, l&#8217;assessore alla Salute Ruggero Razza e il direttore dell&#8217;Istituto Angelo Luca. Data la particolarit\u00e0 della struttura sanitaria, non sar\u00e0 possibile per giornalisti e operatori seguire la visita all&#8217;interno. L&#8217;evento sar\u00e0 comunque trasmesso in diretta sulla pagina Facebook ufficiale della Regione Siciliana. Al termine, Figliuolo, accompagnato da Musumeci e Razza, si trasferir\u00e0 all&#8217;Hub vaccinale presso l&#8217;ex Fiera del Mediterraneo. Proprio oggi inizieranno nell&#8217;Isola le vaccinazioni con la terza dose per i pazienti &#8220;fragili&#8221;. Secondo l&#8217;ultimo Report della Regione, in <strong>Sicilia<\/strong> i vaccinati con almeno una dose sono il 74,96%.<div id=\"videoincontent\" style=\"clear:both\";><\/div><\/p>\n","protected":false},"excerpt":{"rendered":"<p>Oggi parte ufficialmente in tutta Italia la campagna per la somministrazione delle terze dosi di vaccino, per circa tre milioni di pazienti &#8220;fragili&#8221; immunodepressi. Il commissario nazionale per l&#8217;emergenza Covid, il generale Francesco Paolo Figliuolo, sar\u00e0 nel pomeriggio a Palermo. Il primo appuntamento \u00e8 alle 17 all&#8217;Ismett, dove ad accoglierlo ci saranno il presidente della [&hellip;]<\/p>\n","protected":false},"author":2,"featured_media":80476,"comment_status":"open","ping_status":"open","sticky":false,"template":"","format":"standard","meta":{"ub_ctt_via":"","_mi_skip_tracking":false},"categories":[221],"tags":[3021,227,3020,582],"featured_image_src":"https:\/\/www.messinaoggi.it\/website\/wp-content\/uploads\/2021\/09\/20210918_2529.jpg","author_info":{"display_name":"Redazione","author_link":"https:\/\/www.messinaoggi.it\/website\/author\/redazione\/"},"digistream_id":0,"digistream":false,"_links":{"self":[{"href":"https:\/\/www.messinaoggi.it\/website\/wp-json\/wp\/v2\/posts\/80577"}],"collection":[{"href":"https:\/\/www.messinaoggi.it\/website\/wp-json\/wp\/v2\/posts"}],"about":[{"href":"https:\/\/www.messinaoggi.it\/website\/wp-json\/wp\/v2\/types\/post"}],"author":[{"embeddable":true,"href":"https:\/\/www.messinaoggi.it\/website\/wp-json\/wp\/v2\/users\/2"}],"replies":[{"embeddable":true,"href":"https:\/\/www.messinaoggi.it\/website\/wp-json\/wp\/v2\/comments?post=80577"}],"version-history":[{"count":2,"href":"https:\/\/www.messinaoggi.it\/website\/wp-json\/wp\/v2\/posts\/80577\/revisions"}],"predecessor-version":[{"id":80627,"href":"https:\/\/www.messinaoggi.it\/website\/wp-json\/wp\/v2\/posts\/80577\/revisions\/80627"}],"wp:featuredmedia":[{"embeddable":true,"href":"https:\/\/www.messinaoggi.it\/website\/wp-json\/wp\/v2\/media\/80476"}],"wp:attachment":[{"href":"https:\/\/www.messinaoggi.it\/website\/wp-json\/wp\/v2\/media?parent=80577"}],"wp:term":[{"taxonomy":"category","embeddable":true,"href":"https:\/\/www.messinaoggi.it\/website\/wp-json\/wp\/v2\/categories?post=80577"},{"taxonomy":"post_tag","embeddable":true,"href":"https:\/\/www.messinaoggi.it\/website\/wp-json\/wp\/v2\/tags?post=80577"}],"curies":[{"name":"wp","href":"https:\/\/api.w.org\/{rel}","templated":true}]}}