{"id":8055,"date":"2017-09-20T11:32:52","date_gmt":"2017-09-20T09:32:52","guid":{"rendered":"http:\/\/www.messinaoggi.it\/website\/?p=8055"},"modified":"2017-09-20T11:32:52","modified_gmt":"2017-09-20T09:32:52","slug":"picciotto-il-dalai-lama-a-messina-i-commercianti-non-se-ne-sono-accorti","status":"publish","type":"post","link":"https:\/\/www.messinaoggi.it\/website\/2017\/09\/20\/picciotto-il-dalai-lama-a-messina-i-commercianti-non-se-ne-sono-accorti\/","title":{"rendered":"Picciotto: &quot;Il Dalai Lama a Messina? I commercianti non se ne sono accorti&quot;"},"content":{"rendered":"<p>\u201cNon voglio entrare nel merito delle polemiche che hanno preceduto la visita del Dalai Lama a Messina, n\u00e9 \u00e8 mia intenzione alimentarne altre. Tuttavia, a mente fredda \u00e8 giusto rilevare che quello che \u00e8 stato proposto come un grande evento per la citt\u00e0 alla resa dei conti il nostro tessuto produttivo non se n\u2019\u00e8 nemmeno accorto. Questa mai considerazione deriva dalle legittime lagnanze dei commercianti, i quali si sarebbero aspettati una citt\u00e0 presa d\u2019assalto da quanti avrebbero desiderato incontrare il Dalai Lama. Probabilmente, la scelta di fare pagare il biglietto d\u2019ingresso al Teatro non \u00e8 stata congeniale, se \u00e8 vero che a Messina domenica scorsa non s\u2019\u00e8 avuto un picco di presenze forestiere. Desidero che questa mia considerazione non venga strumentalizzata da alcuno, ma che serva da monito per il futuro. Se gli amministratori manifestano il desiderio di organizzare grandi eventi in citt\u00e0 \u00e8 doveroso che si porti avanti un lavoro sinergico e funzionale quindi al motore della nostra economia: ovvero il commercio. Cosa che auspico avvenga per piazza Cairoli, dove i commercianti continuano a lamentarsi nonostante il restayling\u201d.<br \/>\nLo afferma Carmelo Picciotto, presidente provinciale di Confcommercio.<div id=\"div-gpt-ad-Messinaoggi.it-DSK-300x250-corpoart\" style=\"text-align:center;margin:0 auto;\"><\/div><\/p>\n<div id=\"videoincontent\" style=\"clear:both\";><\/div>","protected":false},"excerpt":{"rendered":"<p>\u201cNon voglio entrare nel merito delle polemiche che hanno preceduto la visita del Dalai Lama a Messina, n\u00e9 \u00e8 mia intenzione alimentarne altre. Tuttavia, a mente fredda \u00e8 giusto rilevare che quello che \u00e8 stato proposto come un grande evento per la citt\u00e0 alla resa dei conti il nostro tessuto produttivo non se n\u2019\u00e8 nemmeno [&hellip;]<\/p>\n","protected":false},"author":2,"featured_media":7895,"comment_status":"closed","ping_status":"open","sticky":false,"template":"","format":"standard","meta":{"ub_ctt_via":"","_mi_skip_tracking":false},"categories":[5],"tags":[],"featured_image_src":"https:\/\/www.messinaoggi.it\/website\/wp-content\/uploads\/2017\/09\/dalai-lama-mePAPA_6509A-2.jpg","author_info":{"display_name":"Redazione","author_link":"https:\/\/www.messinaoggi.it\/website\/author\/redazione\/"},"digistream_id":0,"digistream":false,"_links":{"self":[{"href":"https:\/\/www.messinaoggi.it\/website\/wp-json\/wp\/v2\/posts\/8055"}],"collection":[{"href":"https:\/\/www.messinaoggi.it\/website\/wp-json\/wp\/v2\/posts"}],"about":[{"href":"https:\/\/www.messinaoggi.it\/website\/wp-json\/wp\/v2\/types\/post"}],"author":[{"embeddable":true,"href":"https:\/\/www.messinaoggi.it\/website\/wp-json\/wp\/v2\/users\/2"}],"replies":[{"embeddable":true,"href":"https:\/\/www.messinaoggi.it\/website\/wp-json\/wp\/v2\/comments?post=8055"}],"version-history":[{"count":0,"href":"https:\/\/www.messinaoggi.it\/website\/wp-json\/wp\/v2\/posts\/8055\/revisions"}],"wp:featuredmedia":[{"embeddable":true,"href":"https:\/\/www.messinaoggi.it\/website\/wp-json\/wp\/v2\/media\/7895"}],"wp:attachment":[{"href":"https:\/\/www.messinaoggi.it\/website\/wp-json\/wp\/v2\/media?parent=8055"}],"wp:term":[{"taxonomy":"category","embeddable":true,"href":"https:\/\/www.messinaoggi.it\/website\/wp-json\/wp\/v2\/categories?post=8055"},{"taxonomy":"post_tag","embeddable":true,"href":"https:\/\/www.messinaoggi.it\/website\/wp-json\/wp\/v2\/tags?post=8055"}],"curies":[{"name":"wp","href":"https:\/\/api.w.org\/{rel}","templated":true}]}}