{"id":80526,"date":"2021-09-19T16:15:58","date_gmt":"2021-09-19T14:15:58","guid":{"rendered":"http:\/\/www.messinaoggi.it\/website\/?p=80526"},"modified":"2021-09-19T16:48:59","modified_gmt":"2021-09-19T14:48:59","slug":"estate-2021-boom-di-turisti-in-sicilia","status":"publish","type":"post","link":"https:\/\/www.messinaoggi.it\/website\/2021\/09\/19\/estate-2021-boom-di-turisti-in-sicilia\/","title":{"rendered":"Estate 2021, boom di turisti in Sicilia"},"content":{"rendered":"\n<p>&#8220;La Sicilia \u00e8 sempre pi\u00f9 la meta turistica pi\u00f9 gettonata dagli italiani. Lo conferma anche la piattaforma eDreams che rileva come l&#8217;Isola sia tra le destinazioni top dell&#8217;estate insieme alla Sardegna, con un vero boom di prenotazioni e arrivi. \u00c8 un&#8217;altra testimonianza dell&#8217;efficacia degli incentivi e delle azioni di promozione messi in campo dal governo Musumeci con il progetto SeeSicily&#8221;. Lo afferma l&#8217;assessore regionale al Turismo Manlio Messina. &#8220;Per la prima volta &#8211; prosegue l&#8217;assessore &#8211; con una visione unitaria, mettiamo insieme ricettivit\u00e0 e servizi turistici, grandi festival come il BellininFest e Sicilia Jazz Festival, e competizioni sportive di carattere internazionale quali il Giro di Sicilia o il mondiale di vela paralimpica classe Hansa. Raccogliamo le soddisfazioni di questa estate 2021 per guardare al futuro con maggiore impegno. Destagionalizzazione, turismo sportivo e culturale, programmazione e promozione con largo anticipo sono le direttrici su cui intendiamo continuare a investire energie e risorse&#8221;.<div id=\"div-gpt-ad-Messinaoggi.it-DSK-300x250-corpoart\" style=\"text-align:center;margin:0 auto;\"><\/div><\/p>\n\n\n\n<p>Una conferma del buon risultato arriva anche dalle rilevazioni Turistat relative al mese di agosto, secondo le quali sono stati eguagliati i numeri sorprendenti, di turisti italiani, del 2019, con 500 mila arrivi; ottimo anche l\u2019incremento rispetto al 2020: nel complesso equiparati gli arrivi e le presenze di agosto dell&#8217;anno scorso (praticamente unico mese in cui si \u00e8 lavorato), con un aumento di oltre il 50 per cento della media di arrivi e presenze di turisti stranieri.<div id=\"videoincontent\" style=\"clear:both\";><\/div><\/p>\n","protected":false},"excerpt":{"rendered":"<p>&#8220;La Sicilia \u00e8 sempre pi\u00f9 la meta turistica pi\u00f9 gettonata dagli italiani. Lo conferma anche la piattaforma eDreams che rileva come l&#8217;Isola sia tra le destinazioni top dell&#8217;estate insieme alla Sardegna, con un vero boom di prenotazioni e arrivi. \u00c8 un&#8217;altra testimonianza dell&#8217;efficacia degli incentivi e delle azioni di promozione messi in campo dal governo [&hellip;]<\/p>\n","protected":false},"author":4,"featured_media":46562,"comment_status":"open","ping_status":"open","sticky":false,"template":"","format":"standard","meta":{"ub_ctt_via":"","_mi_skip_tracking":false},"categories":[19],"tags":[73,195],"featured_image_src":"https:\/\/www.messinaoggi.it\/website\/wp-content\/uploads\/2020\/08\/4835FDD4-9C23-41AC-8B52-9642F5ECB5A6-scaled-1.jpeg","author_info":{"display_name":"redme","author_link":"https:\/\/www.messinaoggi.it\/website\/author\/redme\/"},"digistream_id":0,"digistream":false,"_links":{"self":[{"href":"https:\/\/www.messinaoggi.it\/website\/wp-json\/wp\/v2\/posts\/80526"}],"collection":[{"href":"https:\/\/www.messinaoggi.it\/website\/wp-json\/wp\/v2\/posts"}],"about":[{"href":"https:\/\/www.messinaoggi.it\/website\/wp-json\/wp\/v2\/types\/post"}],"author":[{"embeddable":true,"href":"https:\/\/www.messinaoggi.it\/website\/wp-json\/wp\/v2\/users\/4"}],"replies":[{"embeddable":true,"href":"https:\/\/www.messinaoggi.it\/website\/wp-json\/wp\/v2\/comments?post=80526"}],"version-history":[{"count":1,"href":"https:\/\/www.messinaoggi.it\/website\/wp-json\/wp\/v2\/posts\/80526\/revisions"}],"predecessor-version":[{"id":80527,"href":"https:\/\/www.messinaoggi.it\/website\/wp-json\/wp\/v2\/posts\/80526\/revisions\/80527"}],"wp:featuredmedia":[{"embeddable":true,"href":"https:\/\/www.messinaoggi.it\/website\/wp-json\/wp\/v2\/media\/46562"}],"wp:attachment":[{"href":"https:\/\/www.messinaoggi.it\/website\/wp-json\/wp\/v2\/media?parent=80526"}],"wp:term":[{"taxonomy":"category","embeddable":true,"href":"https:\/\/www.messinaoggi.it\/website\/wp-json\/wp\/v2\/categories?post=80526"},{"taxonomy":"post_tag","embeddable":true,"href":"https:\/\/www.messinaoggi.it\/website\/wp-json\/wp\/v2\/tags?post=80526"}],"curies":[{"name":"wp","href":"https:\/\/api.w.org\/{rel}","templated":true}]}}