{"id":80506,"date":"2021-09-19T12:50:24","date_gmt":"2021-09-19T10:50:24","guid":{"rendered":"http:\/\/www.messinaoggi.it\/website\/?p=80506"},"modified":"2021-09-19T12:51:44","modified_gmt":"2021-09-19T10:51:44","slug":"bilancio-lo-giudice-armao-mente-sapendo-di-mentire","status":"publish","type":"post","link":"https:\/\/www.messinaoggi.it\/website\/2021\/09\/19\/bilancio-lo-giudice-armao-mente-sapendo-di-mentire\/","title":{"rendered":"Bilancio, Lo Giudice: &#8220;Armao mente sapendo di mentire&#8221;"},"content":{"rendered":"\n<p>&#8220;Gaetano Armao conferma la propria inadeguatezza tecnica, ma anche etica ad occupare il posto di assessore regionale, visto che mente sapendo di mentire sulla situazione del bilancio&#8221;: \u00e8 questo l&#8217;attacco di Danilo Lo Giudice, deputato regionale di Sicilia Vera, secondo il quale l&#8217;assessore al Bilancio del Governo Musumeci &#8220;riesce persino a contraddire s\u00e9 stesso all&#8217;interno della stessa frase, quando dice di essere pronto a chiudere il bilancio e allo stesso tempo afferma di dover &#8220;negoziare&#8221; con il governo nazionale l&#8217;importo da versare allo Stato come concorso alla finanzia pubblica. Peccato per\u00f2 che quell&#8217;importo sia gi\u00e0 stabilito in un documento che porta la firma del presidente Musumeci e che \u00e8 l&#8217;accordo fra Governo nazionale e Governo regionale sul debito della Sicilia&#8221;.\u00a0Per Lo Giudice, &#8220;la verit\u00e0 \u00e8 che l&#8217;assessore Armao si arrampica sugli specchi, cercando di scaricare su altri le proprie responsabilit\u00e0, e che intende andare a Roma per l&#8217;ennesima volta col cappello in mano ad elemosinare una riduzione, altrimenti non riusciremmo a far quadrare i conti, come per altro avvenuto in questi ultimi anni&#8221;.<div id=\"div-gpt-ad-Messinaoggi.it-DSK-300x250-corpoart\" style=\"text-align:center;margin:0 auto;\"><\/div><\/p>\n\n\n\n<p>Il deputato di Sicilia Vera conclude con una riflessione che evidenzia tutte le criticit\u00e0 del Governo regionale in tema di bilancio: &#8220;Dopo 4 anni di esercizi provvisori, con una Regione che contabilmente funziona circa 3 mesi l\u2019anno, siamo in attesa di approvare il consuntivo 2019 quando dovremmo aver approvato quello del 2020. Sentirsi dire dall\u2019assessore al Vilancio che \u201csiamo pronti\u201d suona quasi come una beffa rispetto alla realt\u00e0 che vive la nostra terra, con pagamenti bloccati, imprese e lavoratori non pagati e nessuna risposta concreta alle esigenze di cittadini, imprese e famiglie&#8221;.<div id=\"videoincontent\" style=\"clear:both\";><\/div><\/p>\n","protected":false},"excerpt":{"rendered":"<p>&#8220;Gaetano Armao conferma la propria inadeguatezza tecnica, ma anche etica ad occupare il posto di assessore regionale, visto che mente sapendo di mentire sulla situazione del bilancio&#8221;: \u00e8 questo l&#8217;attacco di Danilo Lo Giudice, deputato regionale di Sicilia Vera, secondo il quale l&#8217;assessore al Bilancio del Governo Musumeci &#8220;riesce persino a contraddire s\u00e9 stesso all&#8217;interno [&hellip;]<\/p>\n","protected":false},"author":4,"featured_media":49198,"comment_status":"open","ping_status":"open","sticky":false,"template":"","format":"standard","meta":{"ub_ctt_via":"","_mi_skip_tracking":false},"categories":[4],"tags":[3015,1032,1730,701],"featured_image_src":"https:\/\/www.messinaoggi.it\/website\/wp-content\/uploads\/2020\/11\/Danilo-Lo-Giudice.jpeg","author_info":{"display_name":"redme","author_link":"https:\/\/www.messinaoggi.it\/website\/author\/redme\/"},"digistream_id":0,"digistream":false,"_links":{"self":[{"href":"https:\/\/www.messinaoggi.it\/website\/wp-json\/wp\/v2\/posts\/80506"}],"collection":[{"href":"https:\/\/www.messinaoggi.it\/website\/wp-json\/wp\/v2\/posts"}],"about":[{"href":"https:\/\/www.messinaoggi.it\/website\/wp-json\/wp\/v2\/types\/post"}],"author":[{"embeddable":true,"href":"https:\/\/www.messinaoggi.it\/website\/wp-json\/wp\/v2\/users\/4"}],"replies":[{"embeddable":true,"href":"https:\/\/www.messinaoggi.it\/website\/wp-json\/wp\/v2\/comments?post=80506"}],"version-history":[{"count":1,"href":"https:\/\/www.messinaoggi.it\/website\/wp-json\/wp\/v2\/posts\/80506\/revisions"}],"predecessor-version":[{"id":80507,"href":"https:\/\/www.messinaoggi.it\/website\/wp-json\/wp\/v2\/posts\/80506\/revisions\/80507"}],"wp:featuredmedia":[{"embeddable":true,"href":"https:\/\/www.messinaoggi.it\/website\/wp-json\/wp\/v2\/media\/49198"}],"wp:attachment":[{"href":"https:\/\/www.messinaoggi.it\/website\/wp-json\/wp\/v2\/media?parent=80506"}],"wp:term":[{"taxonomy":"category","embeddable":true,"href":"https:\/\/www.messinaoggi.it\/website\/wp-json\/wp\/v2\/categories?post=80506"},{"taxonomy":"post_tag","embeddable":true,"href":"https:\/\/www.messinaoggi.it\/website\/wp-json\/wp\/v2\/tags?post=80506"}],"curies":[{"name":"wp","href":"https:\/\/api.w.org\/{rel}","templated":true}]}}