{"id":8008,"date":"2017-09-19T16:18:50","date_gmt":"2017-09-19T14:18:50","guid":{"rendered":"http:\/\/www.messinaoggi.it\/website\/?p=8008"},"modified":"2017-09-19T16:18:50","modified_gmt":"2017-09-19T14:18:50","slug":"ordine-dei-medici-stop-alle-elezioni-bulgare-ce-una-lista-alternativa","status":"publish","type":"post","link":"https:\/\/www.messinaoggi.it\/website\/2017\/09\/19\/ordine-dei-medici-stop-alle-elezioni-bulgare-ce-una-lista-alternativa\/","title":{"rendered":"Ordine dei Medici, stop alle elezioni bulgare. C&#039;\u00e8 una lista Alternativa"},"content":{"rendered":"<p>\u201cPer oltre vent\u2019anni, nella provincia di Messina, al momento del rinnovo del Consiglio dell&#8217;Ordine Professionale, \u00e8 stata presentata ai Medici un&#8217;unica proposta. Quest\u2019anno c\u2019\u00e8 un\u2019Alternativa estremamente composita: Medici di medicina generale, Medici consultoriali, Medici del 118, Medici Specialisti Ambulatoriali, tutti con esperienze anche recenti nella Continuit\u00e0 Assistenziale (a documentare le composite esigenze del territorio); Medici dell&#8217;Azienda Ospedaliera Papardo, \u00a0dell\u2019Ospedale Piemonte e del \u00a0Policlinico (a documentare le esigenze delle diverse sfaccettature dell&#8217;ospedalit\u00e0); Medici degli ospedali dell\u2019ASP, \u00a0e operanti all&#8217;interno della ASP stessa (perch\u00e8 l\u2019ASP \u00e8 la struttura di base del SSN); tra questi ben sei donne e due giovani ! Anche in questo vogliamo essere significativamente rappresentativi di tutte le categorie!\u201d<br \/>\nE\u2019 quanto si legge nel documento programmatico della \u201clista\u201d che correr\u00e0 per la governance del pi\u00f9 numeroso Ordine professionale della provincia di Messina. Da venerd\u00ec a domenica si terranno le votazioni e vedranno impegnati numerosi medici provenienti anche dalla provincia che torneranno al voto.<br \/>\n\u201cCon questo intendiamo dare pari attenzione a tutte le componenti della sanit\u00e0 messinese, senza prediligere alcuno\u201d. Si legge ancora nel documento firmato da Vincenza Barreca, Carmela Caliri; Giovanni Caminiti, Giovanni De Salvo, Antonio Duca; Concetto Fleres, Antonino Genovese, Filippo Marte, Patrizia Napoli, Sebastiano Nicosia, Rosamaria Petrelli, Rosamaria Puglisi, Cesare Restuccia, Domenico Runci e Francesca Ullo.<br \/>\nIl manifesto elettorale completo \u00e8 disponibile sulla pagina<br \/>\nFacebook \u00a0(<a href=\"https:\/\/www.facebook.com\/alternativaomceomessina\/\">https:\/\/www.facebook.com\/alternativaomceomessina\/<\/a>) e utilizzate messenger oppure chiamateci personalmente.<br \/>\n <br \/>\n <div id=\"div-gpt-ad-Messinaoggi.it-DSK-300x250-corpoart\" style=\"text-align:center;margin:0 auto;\"><\/div><\/p>\n<div id=\"videoincontent\" style=\"clear:both\";><\/div>","protected":false},"excerpt":{"rendered":"<p>\u201cPer oltre vent\u2019anni, nella provincia di Messina, al momento del rinnovo del Consiglio dell&#8217;Ordine Professionale, \u00e8 stata presentata ai Medici un&#8217;unica proposta. Quest\u2019anno c\u2019\u00e8 un\u2019Alternativa estremamente composita: Medici di medicina generale, Medici consultoriali, Medici del 118, Medici Specialisti Ambulatoriali, tutti con esperienze anche recenti nella Continuit\u00e0 Assistenziale (a documentare le composite esigenze del territorio); Medici [&hellip;]<\/p>\n","protected":false},"author":2,"featured_media":2875,"comment_status":"closed","ping_status":"open","sticky":false,"template":"","format":"standard","meta":{"ub_ctt_via":"","_mi_skip_tracking":false},"categories":[5],"tags":[],"featured_image_src":"https:\/\/www.messinaoggi.it\/website\/wp-content\/uploads\/2017\/06\/sanita-2.jpg","author_info":{"display_name":"Redazione","author_link":"https:\/\/www.messinaoggi.it\/website\/author\/redazione\/"},"digistream_id":0,"digistream":false,"_links":{"self":[{"href":"https:\/\/www.messinaoggi.it\/website\/wp-json\/wp\/v2\/posts\/8008"}],"collection":[{"href":"https:\/\/www.messinaoggi.it\/website\/wp-json\/wp\/v2\/posts"}],"about":[{"href":"https:\/\/www.messinaoggi.it\/website\/wp-json\/wp\/v2\/types\/post"}],"author":[{"embeddable":true,"href":"https:\/\/www.messinaoggi.it\/website\/wp-json\/wp\/v2\/users\/2"}],"replies":[{"embeddable":true,"href":"https:\/\/www.messinaoggi.it\/website\/wp-json\/wp\/v2\/comments?post=8008"}],"version-history":[{"count":0,"href":"https:\/\/www.messinaoggi.it\/website\/wp-json\/wp\/v2\/posts\/8008\/revisions"}],"wp:featuredmedia":[{"embeddable":true,"href":"https:\/\/www.messinaoggi.it\/website\/wp-json\/wp\/v2\/media\/2875"}],"wp:attachment":[{"href":"https:\/\/www.messinaoggi.it\/website\/wp-json\/wp\/v2\/media?parent=8008"}],"wp:term":[{"taxonomy":"category","embeddable":true,"href":"https:\/\/www.messinaoggi.it\/website\/wp-json\/wp\/v2\/categories?post=8008"},{"taxonomy":"post_tag","embeddable":true,"href":"https:\/\/www.messinaoggi.it\/website\/wp-json\/wp\/v2\/tags?post=8008"}],"curies":[{"name":"wp","href":"https:\/\/api.w.org\/{rel}","templated":true}]}}