{"id":80011,"date":"2021-09-14T15:17:33","date_gmt":"2021-09-14T13:17:33","guid":{"rendered":"https:\/\/www.messinaoggi.it\/website\/2021\/09\/14\/emanuele-sesti-neo-responsabile-del-pronto-soccorso-di-cefalu\/"},"modified":"2021-09-14T15:18:26","modified_gmt":"2021-09-14T13:18:26","slug":"emanuele-sesti-neo-responsabile-del-pronto-soccorso-di-cefalu","status":"publish","type":"post","link":"https:\/\/www.messinaoggi.it\/website\/2021\/09\/14\/emanuele-sesti-neo-responsabile-del-pronto-soccorso-di-cefalu\/","title":{"rendered":"Emanuele Sesti neo responsabile del Pronto soccorso di Cefal\u00f9"},"content":{"rendered":"<div>\n<p>CEFALU\u2019 (PALERMO) (ITALPRESS) \u2013 Emanuele Sesti \u00e8 il nuovo responsabile dell\u2019unit\u00e0 operativa complessa di pronto soccorso della Fondazione Giglio di Cefal\u00f9. <br \/>Sesti, 48 anni, di Palermo, specializzato in medicina interna, \u00e8 al Giglio di Cefal\u00f9 dal 2005 e gi\u00e0 da due anni, come facente funzione, dirigeva il pronto soccorso.<br \/>\u201cIl dottore Sesti \u2013 ha detto il presidente della Fondazione Giglio, Giovanni Albano \u2013 \u00e8 un medico cresciuto all\u2019interno dell\u2019ospedale di Cefal\u00f9 con una esperienza di pronto soccorso di oltre 15 anni, che ben rappresenta la mission di questa struttura e che sapr\u00e0 proseguire la sua attivit\u00e0 come responsabile e guida di un\u2019area strategica e di grande rilevanza per il territorio\u201d.<br \/>La nomina di Sesti \u00e8 sta ufficializzata nel corso di una riunione a cui hanno preso parte il direttore sanitario, Salvatore Vizzi, e il direttore amministrativo Gianluca Galati.<br \/>(ITALPRESS).<div id=\"div-gpt-ad-Messinaoggi.it-DSK-300x250-corpoart\" style=\"text-align:center;margin:0 auto;\"><\/div><\/p>\n<\/div>\n<div id=\"videoincontent\" style=\"clear:both\";><\/div>","protected":false},"excerpt":{"rendered":"<p>CEFALU\u2019 (PALERMO) (ITALPRESS) \u2013 Emanuele Sesti \u00e8 il nuovo responsabile dell\u2019unit\u00e0 operativa complessa di pronto soccorso della Fondazione Giglio di Cefal\u00f9. Sesti, 48 anni, di Palermo, specializzato in medicina interna, \u00e8 al Giglio di Cefal\u00f9 dal 2005 e gi\u00e0 da due anni, come facente funzione, dirigeva il pronto soccorso.\u201cIl dottore Sesti \u2013 ha detto il [&hellip;]<\/p>\n","protected":false},"author":18,"featured_media":80012,"comment_status":"closed","ping_status":"closed","sticky":false,"template":"","format":"standard","meta":{"ub_ctt_via":"","_mi_skip_tracking":false},"categories":[11,2449],"tags":[783],"featured_image_src":"https:\/\/www.messinaoggi.it\/website\/wp-content\/uploads\/2021\/09\/20210914_1002.jpg","author_info":{"display_name":"Admin","author_link":"https:\/\/www.messinaoggi.it\/website\/author\/admin\/"},"digistream_id":0,"digistream":false,"_links":{"self":[{"href":"https:\/\/www.messinaoggi.it\/website\/wp-json\/wp\/v2\/posts\/80011"}],"collection":[{"href":"https:\/\/www.messinaoggi.it\/website\/wp-json\/wp\/v2\/posts"}],"about":[{"href":"https:\/\/www.messinaoggi.it\/website\/wp-json\/wp\/v2\/types\/post"}],"author":[{"embeddable":true,"href":"https:\/\/www.messinaoggi.it\/website\/wp-json\/wp\/v2\/users\/18"}],"replies":[{"embeddable":true,"href":"https:\/\/www.messinaoggi.it\/website\/wp-json\/wp\/v2\/comments?post=80011"}],"version-history":[{"count":1,"href":"https:\/\/www.messinaoggi.it\/website\/wp-json\/wp\/v2\/posts\/80011\/revisions"}],"predecessor-version":[{"id":80013,"href":"https:\/\/www.messinaoggi.it\/website\/wp-json\/wp\/v2\/posts\/80011\/revisions\/80013"}],"wp:featuredmedia":[{"embeddable":true,"href":"https:\/\/www.messinaoggi.it\/website\/wp-json\/wp\/v2\/media\/80012"}],"wp:attachment":[{"href":"https:\/\/www.messinaoggi.it\/website\/wp-json\/wp\/v2\/media?parent=80011"}],"wp:term":[{"taxonomy":"category","embeddable":true,"href":"https:\/\/www.messinaoggi.it\/website\/wp-json\/wp\/v2\/categories?post=80011"},{"taxonomy":"post_tag","embeddable":true,"href":"https:\/\/www.messinaoggi.it\/website\/wp-json\/wp\/v2\/tags?post=80011"}],"curies":[{"name":"wp","href":"https:\/\/api.w.org\/{rel}","templated":true}]}}