{"id":7996,"date":"2017-09-19T12:45:50","date_gmt":"2017-09-19T10:45:50","guid":{"rendered":"http:\/\/www.messinaoggi.it\/website\/?p=7996"},"modified":"2017-09-19T12:45:50","modified_gmt":"2017-09-19T10:45:50","slug":"gateano-sciacca-nominato-commissario-della-provincia-di-messina","status":"publish","type":"post","link":"https:\/\/www.messinaoggi.it\/website\/2017\/09\/19\/gateano-sciacca-nominato-commissario-della-provincia-di-messina\/","title":{"rendered":"Gateano Sciacca nominato commissario della Provincia di Messina"},"content":{"rendered":"<p>Gaetano Sciacca, capo dell&#8217;Ispettorato del Lavoro di Messina, \u00e8 stato nominato commissario della Provincia regionale di Messina. Il decreto \u00e8 stato firmato nella tarda mattinata dal governatore Rosario Crocetta, nell&#8217;ambito della nuova infornata di nomine.<br \/>\nSciacca, gi\u00e0 vicino all&#8217;Mpa di Lombardo, con l&#8217;elezione di Crocetta si \u00e8 avvicinato al Megafono. Oggi arriva la nomina e si insedier\u00e0 nei prossimi giorni.<div id=\"div-gpt-ad-Messinaoggi.it-DSK-300x250-corpoart\" style=\"text-align:center;margin:0 auto;\"><\/div><\/p>\n<div id=\"videoincontent\" style=\"clear:both\";><\/div>","protected":false},"excerpt":{"rendered":"<p>Gaetano Sciacca, capo dell&#8217;Ispettorato del Lavoro di Messina, \u00e8 stato nominato commissario della Provincia regionale di Messina. Il decreto \u00e8 stato firmato nella tarda mattinata dal governatore Rosario Crocetta, nell&#8217;ambito della nuova infornata di nomine. Sciacca, gi\u00e0 vicino all&#8217;Mpa di Lombardo, con l&#8217;elezione di Crocetta si \u00e8 avvicinato al Megafono. Oggi arriva la nomina e [&hellip;]<\/p>\n","protected":false},"author":2,"featured_media":7997,"comment_status":"closed","ping_status":"open","sticky":false,"template":"","format":"standard","meta":{"ub_ctt_via":"","_mi_skip_tracking":false},"categories":[4],"tags":[],"featured_image_src":"https:\/\/www.messinaoggi.it\/website\/wp-content\/uploads\/2017\/09\/261967_103769003004668_5697237_n-2.jpg","author_info":{"display_name":"Redazione","author_link":"https:\/\/www.messinaoggi.it\/website\/author\/redazione\/"},"digistream_id":0,"digistream":false,"_links":{"self":[{"href":"https:\/\/www.messinaoggi.it\/website\/wp-json\/wp\/v2\/posts\/7996"}],"collection":[{"href":"https:\/\/www.messinaoggi.it\/website\/wp-json\/wp\/v2\/posts"}],"about":[{"href":"https:\/\/www.messinaoggi.it\/website\/wp-json\/wp\/v2\/types\/post"}],"author":[{"embeddable":true,"href":"https:\/\/www.messinaoggi.it\/website\/wp-json\/wp\/v2\/users\/2"}],"replies":[{"embeddable":true,"href":"https:\/\/www.messinaoggi.it\/website\/wp-json\/wp\/v2\/comments?post=7996"}],"version-history":[{"count":0,"href":"https:\/\/www.messinaoggi.it\/website\/wp-json\/wp\/v2\/posts\/7996\/revisions"}],"wp:featuredmedia":[{"embeddable":true,"href":"https:\/\/www.messinaoggi.it\/website\/wp-json\/wp\/v2\/media\/7997"}],"wp:attachment":[{"href":"https:\/\/www.messinaoggi.it\/website\/wp-json\/wp\/v2\/media?parent=7996"}],"wp:term":[{"taxonomy":"category","embeddable":true,"href":"https:\/\/www.messinaoggi.it\/website\/wp-json\/wp\/v2\/categories?post=7996"},{"taxonomy":"post_tag","embeddable":true,"href":"https:\/\/www.messinaoggi.it\/website\/wp-json\/wp\/v2\/tags?post=7996"}],"curies":[{"name":"wp","href":"https:\/\/api.w.org\/{rel}","templated":true}]}}