{"id":7990,"date":"2017-09-19T14:49:07","date_gmt":"2017-09-19T12:49:07","guid":{"rendered":"http:\/\/www.messinaoggi.it\/website\/?p=7990"},"modified":"2017-09-19T14:49:07","modified_gmt":"2017-09-19T12:49:07","slug":"da-messina-arriva-la-grande-moda-internazionale","status":"publish","type":"post","link":"https:\/\/www.messinaoggi.it\/website\/2017\/09\/19\/da-messina-arriva-la-grande-moda-internazionale\/","title":{"rendered":"Da Messina arriva la grande moda internazionale"},"content":{"rendered":"<p style=\"margin-bottom: .0001pt; line-height: 150%;\"><span style=\"color: black;\">Dal<\/span><b><span style=\"color: black;\"> 20 al 25 settembre a Milano ci sar\u00e0 la settimana della moda, alla quale parteciper\u00e0 anche lo stilista siciliano Fausto Puglisi<\/span><\/b><div id=\"div-gpt-ad-Messinaoggi.it-DSK-300x250-corpoart\" style=\"text-align:center;margin:0 auto;\"><\/div><\/p>\n<p style=\"margin-bottom: .0001pt; line-height: 150%;\"><span style=\"color: black;\">Motori accesi per una settimana che si preannuncia gi\u00e0 ricca di novit\u00e0. La settimana della moda riserva infatti tante sorprese sin dal giorno di apertura. Alle 19:00 l\u2019attenzione sar\u00e0 tutta puntata sulla passerella di Viale Alemagna 6, grazie alla sfilata di Fausto Puglisi. Lo stilista siciliana \u00e8 noto per aver vestito grandi star internazionali: Jennifer Lopez, Britney Spears, Kylie Minogue, Pamela Anderson e <\/span><a href=\"https:\/\/www.youtube.com\/watch?v=E7H25fXevVE\">Miss Ciccone, con la quale ha anche condiviso il palco<\/a><span style=\"color: black;\">. Anche, l\u2019ormai italianizzata vip, Belen Rodriguez ha potuto indossare un abito di Puglisi, che \u00e8 rimasto impresso nella mente di milioni di italiani. Si tratta di un famoso abito sfoggiato a Sanremo, che permise a Belen di mostrare una farfalla, poi rimasta al centro dell\u2019attenzione per diversi mesi.<\/span><div id=\"videoincontent\" style=\"clear:both\";><\/div><\/p>\n<p style=\"margin-bottom: .0001pt; line-height: 150%;\"><span style=\"color: black;\">Fausto Puglisi, classe 1976, \u00e8 partito a soli 18 anni proprio da Messina alla volta di New York e del grande successo, che \u00e8 riuscito ad ottenere con il suo incredibile talento. Gi\u00e0 da bambino diceva al padre: \u201cdiventer\u00f2 un grande stilista\u201d. L\u2019aspettativa non \u00e8 stata disattesa, dal momento che la sua fama \u00e8 diventata internazionale. Come i veri grandi, anche Puglisi per\u00f2 non dimentica le sue origini e in diverse occasioni ricorda che la sua amata Messina rimane il punto di riferimento da cui trae ispirazione. Nonostante sia sempre in giro per il mondo, infatti, egli sostiene che il legame con l\u2019isola natia \u00e8 ci\u00f2 che davvero gli permette di esprimere la sua creativit\u00e0, attraverso la quale unisce elementi tra loro disparati: piet\u00e0 e forza, bellezza e orrore.<\/span><\/p>\n<p style=\"margin-bottom: .0001pt; line-height: 150%;\"><span style=\"color: black;\">Colori in contrasto, grandi ricami e ambiziosi giochi di geometria sono di certo i caratteri distintivi del suo stile, ma cosa ci riserver\u00e0 nella sfilata a Milano?<\/span><\/p>\n<p style=\"margin-bottom: .0001pt; line-height: 150%;\"><span style=\"color: black;\">Sappiamo che quest&#8217;anno la moda parler\u00e0 di sostenibilit\u00e0 con <strong><span style=\"font-weight: normal;\">\u201cFollow The Green\u201d, il film diretto da The Blink Fish con lo styling di Georgia Tal. Inoltre, sar\u00e0 presentato il \u201c<\/span><\/strong><em><span style=\"font-style: normal;\">Green Carpet Fashion Awards Italia\u201d.<\/span><\/em><\/span><\/p>\n<p style=\"margin-bottom: .0001pt; line-height: 150%;\"><span style=\"color: #141414; background: #FCFCFF;\">\u00c8<\/span><em><span style=\"color: black; font-style: normal;\"> probabile dunque che anche Fausto Puglisi ci riserver\u00e0 qualche sorpresa in pendant con questi temi.<\/span><\/em><\/p>\n<p style=\"margin-bottom: .0001pt; line-height: 150%;\"><span style=\"color: black;\">Oltre al pubblico internazionale e agli addetti al settore, la fashion week richiamer\u00e0 anche molti fan dall&#8217;isola. Ci saranno sicuramente giovani stilisti, siciliani e non, che arriveranno a Milano per vedere le creazioni del loro mentore, ma anche appassionati di moda, che si divideranno tra lustrini, palchi ed eventi. Si prevede dunque un forte afflusso di persone nella citt\u00e0 meneghina e, in conseguenza di ci\u00f2, un tutto esaurito da parte degli hotel. Per chi non avesse ancora prenotato, segnaliamo il <\/span><a href=\"https:\/\/neohotel.it\/\">NeoHotel<\/a>,<span style=\"color: black;\"> un 4 stelle eccellente, raggiungibile facilmente con un servizio navetta gratuita. L\u2019hotel in questione propone anche delle offerte in concomitanza con gli eventi presenti in citt\u00e0.<\/span><\/p>\n<p style=\"margin-bottom: .0001pt; line-height: 150%;\"><span style=\"color: black;\">Dunque, una volta organizzata la vostra trasferta, con <\/span><a href=\"http:\/\/www.milanomodadonna.it\/it\/calendario\/2017\/9\/20\/#sfilata\">programma alla mano<\/a><span style=\"color: black;\">, non vi resta che immergervi nella settimana pi\u00f9 fashion dell&#8217;anno.<\/span><\/p>\n","protected":false},"excerpt":{"rendered":"<p>Dal 20 al 25 settembre a Milano ci sar\u00e0 la settimana della moda, alla quale parteciper\u00e0 anche lo stilista siciliano Fausto Puglisi Motori accesi per una settimana che si preannuncia gi\u00e0 ricca di novit\u00e0. La settimana della moda riserva infatti tante sorprese sin dal giorno di apertura. Alle 19:00 l\u2019attenzione sar\u00e0 tutta puntata sulla passerella [&hellip;]<\/p>\n","protected":false},"author":2,"featured_media":7991,"comment_status":"closed","ping_status":"open","sticky":false,"template":"","format":"standard","meta":{"ub_ctt_via":"","_mi_skip_tracking":false},"categories":[6],"tags":[],"featured_image_src":"https:\/\/www.messinaoggi.it\/website\/wp-content\/uploads\/2017\/09\/fausto-puglisi-conde-nast-traveller-23april14-rex-2.jpg","author_info":{"display_name":"Redazione","author_link":"https:\/\/www.messinaoggi.it\/website\/author\/redazione\/"},"digistream_id":0,"digistream":false,"_links":{"self":[{"href":"https:\/\/www.messinaoggi.it\/website\/wp-json\/wp\/v2\/posts\/7990"}],"collection":[{"href":"https:\/\/www.messinaoggi.it\/website\/wp-json\/wp\/v2\/posts"}],"about":[{"href":"https:\/\/www.messinaoggi.it\/website\/wp-json\/wp\/v2\/types\/post"}],"author":[{"embeddable":true,"href":"https:\/\/www.messinaoggi.it\/website\/wp-json\/wp\/v2\/users\/2"}],"replies":[{"embeddable":true,"href":"https:\/\/www.messinaoggi.it\/website\/wp-json\/wp\/v2\/comments?post=7990"}],"version-history":[{"count":0,"href":"https:\/\/www.messinaoggi.it\/website\/wp-json\/wp\/v2\/posts\/7990\/revisions"}],"wp:featuredmedia":[{"embeddable":true,"href":"https:\/\/www.messinaoggi.it\/website\/wp-json\/wp\/v2\/media\/7991"}],"wp:attachment":[{"href":"https:\/\/www.messinaoggi.it\/website\/wp-json\/wp\/v2\/media?parent=7990"}],"wp:term":[{"taxonomy":"category","embeddable":true,"href":"https:\/\/www.messinaoggi.it\/website\/wp-json\/wp\/v2\/categories?post=7990"},{"taxonomy":"post_tag","embeddable":true,"href":"https:\/\/www.messinaoggi.it\/website\/wp-json\/wp\/v2\/tags?post=7990"}],"curies":[{"name":"wp","href":"https:\/\/api.w.org\/{rel}","templated":true}]}}