{"id":79879,"date":"2021-09-13T16:01:37","date_gmt":"2021-09-13T14:01:37","guid":{"rendered":"http:\/\/www.messinaoggi.it\/website\/?p=79879"},"modified":"2021-09-13T16:05:11","modified_gmt":"2021-09-13T14:05:11","slug":"sindaco-del-messinese-scrive-al-premier-draghi","status":"publish","type":"post","link":"https:\/\/www.messinaoggi.it\/website\/2021\/09\/13\/sindaco-del-messinese-scrive-al-premier-draghi\/","title":{"rendered":"Sindaco del Messinese scrive al premier Draghi"},"content":{"rendered":"\n<p>&#8220;Non sar\u00f2 pi\u00f9 accondiscendete, non rester\u00f2 zitto davanti a questo scempio: la mia terra continua ad essere dimenticata dalla politica, tagliata fuori dalle grandi linee di investimento. La provincia di Messina, una delle mete turistiche pi\u00f9 ambite d&#8217;Italia, \u00e8 stata esclusa dal Pnnr, dal Piano Complementare e dal Piano Commerciale di Rfi. Siamo condannati per legge ad un triste destino&#8221;. Con una una lettera di denuncia e una forte presa di posizione il sindaco di Naso, cittadina arroccata sui monti Nebrodi nel versante tirrenico messinese, Gaetano Nan\u00ec lancia l&#8217;allarme dopo l&#8217;amara constatazione che per il vasto comprensorio tirrenico-nebroideo, per i prossimi anni, non siano previsti investimenti pubblici. &#8220;La distanza dagli aeroporti, la precariet\u00e0 viaria con strade piene di sconnessioni e buche, il tracciato ferroviario ancora a binario unico, tarpano le ali ad una zona altamente turistica. I giovani &#8211; scrive Nan\u00ec &#8211; sono costretti ad abbandonare la casa e gli affetti, gli anziani obbligati a rimanere soli, la nostra terra destinata a rimanere incolta: a diventare deserto&#8221;. Nella missiva indirizzata al presidente del consiglio Mario Draghi e al presidente della Regione Nello Musumeci, al sindaco della citt\u00e0 metropolitana Cateno De Luca ed alle deputazioni europea, nazionale e regionale, il primo cittadino di Naso, chiede quindi un impegno preciso su 4 punti: prosecuzione del doppio binario ferroviario da Patti a Castelbuono; la realizzazione dell&#8217;intervalliva Tirreno-Nebrodi (Ponte Naso &#8211; Randazzo); il potenziamento dell&#8217;aeroporto di Reggio Calabria check-in a Messina con aliscafo diretto e l&#8217;attivazione di istituti tecnici superiori, con indirizzi turistico e florovivaistico&#8221;.<div id=\"div-gpt-ad-Messinaoggi.it-DSK-300x250-corpoart\" style=\"text-align:center;margin:0 auto;\"><\/div><\/p>\n<div id=\"videoincontent\" style=\"clear:both\";><\/div>","protected":false},"excerpt":{"rendered":"<p>&#8220;Non sar\u00f2 pi\u00f9 accondiscendete, non rester\u00f2 zitto davanti a questo scempio: la mia terra continua ad essere dimenticata dalla politica, tagliata fuori dalle grandi linee di investimento. La provincia di Messina, una delle mete turistiche pi\u00f9 ambite d&#8217;Italia, \u00e8 stata esclusa dal Pnnr, dal Piano Complementare e dal Piano Commerciale di Rfi. Siamo condannati per [&hellip;]<\/p>\n","protected":false},"author":4,"featured_media":76738,"comment_status":"open","ping_status":"open","sticky":false,"template":"","format":"standard","meta":{"ub_ctt_via":"","_mi_skip_tracking":false},"categories":[6],"tags":[2617,2966],"featured_image_src":"https:\/\/www.messinaoggi.it\/website\/wp-content\/uploads\/2021\/08\/20210814_0735.jpg","author_info":{"display_name":"redme","author_link":"https:\/\/www.messinaoggi.it\/website\/author\/redme\/"},"digistream_id":0,"digistream":false,"_links":{"self":[{"href":"https:\/\/www.messinaoggi.it\/website\/wp-json\/wp\/v2\/posts\/79879"}],"collection":[{"href":"https:\/\/www.messinaoggi.it\/website\/wp-json\/wp\/v2\/posts"}],"about":[{"href":"https:\/\/www.messinaoggi.it\/website\/wp-json\/wp\/v2\/types\/post"}],"author":[{"embeddable":true,"href":"https:\/\/www.messinaoggi.it\/website\/wp-json\/wp\/v2\/users\/4"}],"replies":[{"embeddable":true,"href":"https:\/\/www.messinaoggi.it\/website\/wp-json\/wp\/v2\/comments?post=79879"}],"version-history":[{"count":1,"href":"https:\/\/www.messinaoggi.it\/website\/wp-json\/wp\/v2\/posts\/79879\/revisions"}],"predecessor-version":[{"id":79881,"href":"https:\/\/www.messinaoggi.it\/website\/wp-json\/wp\/v2\/posts\/79879\/revisions\/79881"}],"wp:featuredmedia":[{"embeddable":true,"href":"https:\/\/www.messinaoggi.it\/website\/wp-json\/wp\/v2\/media\/76738"}],"wp:attachment":[{"href":"https:\/\/www.messinaoggi.it\/website\/wp-json\/wp\/v2\/media?parent=79879"}],"wp:term":[{"taxonomy":"category","embeddable":true,"href":"https:\/\/www.messinaoggi.it\/website\/wp-json\/wp\/v2\/categories?post=79879"},{"taxonomy":"post_tag","embeddable":true,"href":"https:\/\/www.messinaoggi.it\/website\/wp-json\/wp\/v2\/tags?post=79879"}],"curies":[{"name":"wp","href":"https:\/\/api.w.org\/{rel}","templated":true}]}}