{"id":79812,"date":"2021-09-13T10:52:38","date_gmt":"2021-09-13T08:52:38","guid":{"rendered":"http:\/\/www.messinaoggi.it\/website\/?p=79812"},"modified":"2021-09-13T09:54:49","modified_gmt":"2021-09-13T07:54:49","slug":"festa-dem-valle-dagro-chinnici-una-giustizia-giusta-e-possibile","status":"publish","type":"post","link":"https:\/\/www.messinaoggi.it\/website\/2021\/09\/13\/festa-dem-valle-dagro-chinnici-una-giustizia-giusta-e-possibile\/","title":{"rendered":"Festa Dem Valle d&#8217;Agr\u00f2, Chinnici: &#8220;Una Giustizia giusta \u00e8 possibile&#8221;"},"content":{"rendered":"\n<p>\u201cNon si pu\u00f2 parlare di Giustizia se non si parla di diritti e questo voi stasera l&#8217;avete fatto\u201d, l&#8217;europarlamentare Caterina Chinnici ha esordito alla 3\u00aa Festa democratica dei circoli della valle d&#8217;Agr\u00f2 che si \u00e8 svolta nel Palazzo della Cultura di Santa Teresa di Riva. \u201cRingrazio il vostro segretario provinciale Nino Bartolotta per avermi invitato e per l&#8217;accoglienza e soprattutto per il dibattito che ho ascoltato finora\u201d. Una Giustizia giusta \u00e8 possibile? \u201cLa riforma della ministra Cartabia \u00e8 un passo importante e comincia a dare qualche risposta, ma pu\u00f2 essere ancora migliorabile se anche accompagnata da elementi importanti come modernizzare la struttura della Giustizia, dotare la macchina giudiziaria di pi\u00f9 personale e rendere pi\u00f9 agevole e facile l&#8217;accesso ai cittadini con nuovi strumenti\u201d. \u201cUn aspetto della riforma di cui non si parla spesso &#8211; continua l&#8217;eurodeputata Chinnici \u2013 \u00e8 il ritardo su una direttiva europea del 2012 che riguarda la tutela e la protezione delle vittime di reato e lo dico, anch&#8217;io, da vittima di reato. Sappiamo che in ambito penale, e civile, ci sono risposte che si aspettano anche da trent&#8217;anni; quello che manca \u00e8 non avere voce e \u00a0presenza durante un processo\u201d. A precedere l&#8217;intervento della Chinnici di fronte a un pubblico che ha apprezzato la qualit\u00e0 degli interventi, la tavola rotonda moderata da Felice Calabr\u00f2 sulla riforma toccando temi importanti come il Csm, la politicizzazione della magistratura, i referendum e l&#8217;aspetto dei diritti umani con Salvo And\u00f2, Ivan Tripodi, Antonio Saitta, Paola Todini, Tino Bellomo, Antonio Scarcella. Sempre di diritti si \u00e8 parlato nel dibattito sulla Democrazia paritaria e donne in politica e nella societ\u00e0 dove il deputato Ars Giuseppe Lupo ha lanciato un accorato appello a tutte le forze, ai movimenti per sostenere l&#8217;iniziativa del Pd con M5S e Articolo 1 in merito al disegno di legge regionale sulla parit\u00e0 di genere a partire da quella salariale alla preferenza di genere. Il dibattito, moderato da Angela Bottari, ha toccato diverse problematiche da quelle pi\u00f9 urgenti come la disoccupazione femminile a quelle pi\u00f9 tragiche di mancanza di tutela e di cultura inclusiva con Domenico Siracusano, Grazia D&#8217;Angelo, Giusy Furnari, Marina Scimone e Giovanni Mastroeni.<div id=\"div-gpt-ad-Messinaoggi.it-DSK-300x250-corpoart\" style=\"text-align:center;margin:0 auto;\"><\/div><\/p>\n\n\n\n<p>La Festa democratica, cominciata venerd\u00ec pomeriggio con il saluto del segretario provinciale Nino Bartolotta e dei segretari di circolo della Valle d&#8217;Agr\u00f2 e della zona jonica, ha dato spazio alla presentazione del libro di Franco Garufi, ai giovani democratici su Next generation e al dibattito sul Pnrr con Pietro Navarra, Virginia Puzzolo, Giacomo D\u2019Arrigo, Piero David, Antonino Alibrandi moderato da Pippo Trimarchi, nel quale sono state presentate le criticit\u00e0 ma anche le grandi potenzialit\u00e0 del territorio e degli Enti locali. Infine, l&#8217;intervista al segretario regionale Anthony Barbagallo durante la quale ha ribadito l&#8217;unit\u00e0 del partito a livello regionale, provinciale e locale e la capacit\u00e0 del Pd di creare un polo, allargato, alternativo alla destra. <div id=\"videoincontent\" style=\"clear:both\";><\/div><\/p>\n","protected":false},"excerpt":{"rendered":"<p>\u201cNon si pu\u00f2 parlare di Giustizia se non si parla di diritti e questo voi stasera l&#8217;avete fatto\u201d, l&#8217;europarlamentare Caterina Chinnici ha esordito alla 3\u00aa Festa democratica dei circoli della valle d&#8217;Agr\u00f2 che si \u00e8 svolta nel Palazzo della Cultura di Santa Teresa di Riva. \u201cRingrazio il vostro segretario provinciale Nino Bartolotta per avermi invitato [&hellip;]<\/p>\n","protected":false},"author":2,"featured_media":79813,"comment_status":"open","ping_status":"open","sticky":false,"template":"","format":"standard","meta":{"ub_ctt_via":"","_mi_skip_tracking":false},"categories":[4],"tags":[2956,2955,2957],"featured_image_src":"https:\/\/www.messinaoggi.it\/website\/wp-content\/uploads\/2021\/09\/ajaxmail-1-1.jpg","author_info":{"display_name":"Redazione","author_link":"https:\/\/www.messinaoggi.it\/website\/author\/redazione\/"},"digistream_id":0,"digistream":false,"_links":{"self":[{"href":"https:\/\/www.messinaoggi.it\/website\/wp-json\/wp\/v2\/posts\/79812"}],"collection":[{"href":"https:\/\/www.messinaoggi.it\/website\/wp-json\/wp\/v2\/posts"}],"about":[{"href":"https:\/\/www.messinaoggi.it\/website\/wp-json\/wp\/v2\/types\/post"}],"author":[{"embeddable":true,"href":"https:\/\/www.messinaoggi.it\/website\/wp-json\/wp\/v2\/users\/2"}],"replies":[{"embeddable":true,"href":"https:\/\/www.messinaoggi.it\/website\/wp-json\/wp\/v2\/comments?post=79812"}],"version-history":[{"count":1,"href":"https:\/\/www.messinaoggi.it\/website\/wp-json\/wp\/v2\/posts\/79812\/revisions"}],"predecessor-version":[{"id":79814,"href":"https:\/\/www.messinaoggi.it\/website\/wp-json\/wp\/v2\/posts\/79812\/revisions\/79814"}],"wp:featuredmedia":[{"embeddable":true,"href":"https:\/\/www.messinaoggi.it\/website\/wp-json\/wp\/v2\/media\/79813"}],"wp:attachment":[{"href":"https:\/\/www.messinaoggi.it\/website\/wp-json\/wp\/v2\/media?parent=79812"}],"wp:term":[{"taxonomy":"category","embeddable":true,"href":"https:\/\/www.messinaoggi.it\/website\/wp-json\/wp\/v2\/categories?post=79812"},{"taxonomy":"post_tag","embeddable":true,"href":"https:\/\/www.messinaoggi.it\/website\/wp-json\/wp\/v2\/tags?post=79812"}],"curies":[{"name":"wp","href":"https:\/\/api.w.org\/{rel}","templated":true}]}}