{"id":7956,"date":"2017-09-18T15:51:17","date_gmt":"2017-09-18T13:51:17","guid":{"rendered":"http:\/\/www.messinaoggi.it\/website\/?p=7956"},"modified":"2017-09-18T15:51:17","modified_gmt":"2017-09-18T13:51:17","slug":"germana-rientro-in-forza-italia-grazie-micciche-per-gli-sforzi-profusi","status":"publish","type":"post","link":"https:\/\/www.messinaoggi.it\/website\/2017\/09\/18\/germana-rientro-in-forza-italia-grazie-micciche-per-gli-sforzi-profusi\/","title":{"rendered":"German\u00e0: &quot;Rientro in Forza Italia, grazie Miccich\u00e8 per gli sforzi profusi&quot;"},"content":{"rendered":"<div>\n<div>\u00a0\u201cRingrazio Gianfranco Miccich\u00e8 per i grandi sforzi profusi in questi mesi per rimettere insieme tutto il Centro Destra e non commettere gli errori di 5 anni fa che hanno creato divisioni e consentito l&#8217;ascesa di Crocetta&#8221; &#8211; ha esordito cos\u00ec in conferenza stamane nella Sala Stampa dell&#8217;ARS l&#8217;on.\u00a0Nino German\u00e0, deputato regionale uscente di Alternativa Popolare, che ha ufficializzato il suo passaggio, o meglio ritorno, in Forza Italia.<\/div>\n<div><\/div>\n<div>&#8220;Ho deciso di rendere noto solo adesso il rientro nella mia famiglia politica di origine, come amo definirla; dal mese di maggio ho tentato di far riavvicinare il partito di Angelino Alfano a Gianfranco Miccich\u00e8, col quale ho sempre avuto un rapporto personale straordinario. Purtroppo non siamo riusciti a trovare un&#8217;intesa politica, perch\u00e8 il cosiddetto NCD Nuovo Centro Destra nel tempo si \u00e8 appiattito sempre di pi\u00f9 nei confronti della Sinistra, fino ad avallare\u00a0<a class=\"matchTooltip\">oggi<\/a>\u00a0la candidatura di Fabrizio Micari.<\/div>\n<div><\/div>\n<div>Alternativa Popolare non \u00e8 pi\u00f9 la terza gamba della destra, come doveva essere, ma \u00e8 diventata la &#8216;stampella&#8217; della sinistra. Questo non rispecchia pi\u00f9 le mie idee politiche e soprattutto la mia storia personale e familiare che deve rimanere coerente col recente passato: sono stato candidato ed eletto nel 2008 col Pdl alla Camera dei Deputati, nel 2012 candidato con Musumeci alla Regione sempre nel PDL, quindi adesso sar\u00f2 impegnato in prima linea con lo stesso schieramento di sempre per la prossima tornata elettorale&#8221;.<\/div>\n<div><\/div>\n<div>Parole significative ha speso nei confronti di German\u00e0 il commissario regionale di Forza Italia\u00a0Gianfranco Miccich\u00e8, che ha presieduto l&#8217;incontro: &#8220;Nino German\u00e0 non ha certo bisogno di presentazioni e Forza Italia \u00e8 casa sua. Mi fa piacere sottolineare che un volto pulito e giovane come il suo torni a dare un prezioso contributo per il futuro della Sicilia. Adesso andiamo a vincere&#8221;.<\/div>\n<div><\/div>\n<div>Alla conferenza stampa hanno preso parte anche\u00a0<span style=\"color: #666666;\">l&#8217;on.\u00a0Orazio Ragusa, deputato regionale uscente di Ragusa, che lascia il gruppo dei Centristi di Gianpiero D&#8217;Alia; l&#8217;on.\u00a0Giovanni Lo Sciuto, che come German\u00e0, lascia Alternativa Popolare ed entra nel partito di Berlusconi. E&#8217; intervenuto anche l&#8217;ex presidente dell&#8217;Assemblea Regionale Siciliana,\u00a0<\/span>on.\u00a0Francesco Cascio, che lascia Alternativa Popolare per passare in Forza Italia e infine l&#8217;on.\u00a0Tot\u00f2 Lentini, anche lui palermitano ormai nella compagine forzista.<\/div>\n<div><\/div>\n<div>&#8220;Durante la campagna elettorale &#8211;\u00a0ha concluso German\u00e0 &#8211;\u00a0mi far\u00f2 portavoce delle istanze del territorio, le esigenze della comunit\u00e0, in particolare le richieste che verranno dal popolo dei moderati e dai liberali, che\u00a0<a class=\"matchTooltip\">oggi<\/a>\u00a0non hanno pi\u00f9 punti di riferimento certi&#8221;.<\/div>\n<\/div>\n<div id=\"div-gpt-ad-Messinaoggi.it-DSK-300x250-corpoart\" style=\"text-align:center;margin:0 auto;\"><\/div><\/p><div id=\"videoincontent\" style=\"clear:both\";><\/div>","protected":false},"excerpt":{"rendered":"<p>\u00a0\u201cRingrazio Gianfranco Miccich\u00e8 per i grandi sforzi profusi in questi mesi per rimettere insieme tutto il Centro Destra e non commettere gli errori di 5 anni fa che hanno creato divisioni e consentito l&#8217;ascesa di Crocetta&#8221; &#8211; ha esordito cos\u00ec in conferenza stamane nella Sala Stampa dell&#8217;ARS l&#8217;on.\u00a0Nino German\u00e0, deputato regionale uscente di Alternativa Popolare, [&hellip;]<\/p>\n","protected":false},"author":2,"featured_media":7957,"comment_status":"closed","ping_status":"open","sticky":false,"template":"","format":"standard","meta":{"ub_ctt_via":"","_mi_skip_tracking":false},"categories":[4],"tags":[],"featured_image_src":"https:\/\/www.messinaoggi.it\/website\/wp-content\/uploads\/2017\/09\/Nino-Germana\u0300-Gianfranco-Micciche\u0300-Orazio-Ragusa-Giovanni-Lo-Sciuto-1-2.jpg","author_info":{"display_name":"Redazione","author_link":"https:\/\/www.messinaoggi.it\/website\/author\/redazione\/"},"digistream_id":0,"digistream":false,"_links":{"self":[{"href":"https:\/\/www.messinaoggi.it\/website\/wp-json\/wp\/v2\/posts\/7956"}],"collection":[{"href":"https:\/\/www.messinaoggi.it\/website\/wp-json\/wp\/v2\/posts"}],"about":[{"href":"https:\/\/www.messinaoggi.it\/website\/wp-json\/wp\/v2\/types\/post"}],"author":[{"embeddable":true,"href":"https:\/\/www.messinaoggi.it\/website\/wp-json\/wp\/v2\/users\/2"}],"replies":[{"embeddable":true,"href":"https:\/\/www.messinaoggi.it\/website\/wp-json\/wp\/v2\/comments?post=7956"}],"version-history":[{"count":0,"href":"https:\/\/www.messinaoggi.it\/website\/wp-json\/wp\/v2\/posts\/7956\/revisions"}],"wp:featuredmedia":[{"embeddable":true,"href":"https:\/\/www.messinaoggi.it\/website\/wp-json\/wp\/v2\/media\/7957"}],"wp:attachment":[{"href":"https:\/\/www.messinaoggi.it\/website\/wp-json\/wp\/v2\/media?parent=7956"}],"wp:term":[{"taxonomy":"category","embeddable":true,"href":"https:\/\/www.messinaoggi.it\/website\/wp-json\/wp\/v2\/categories?post=7956"},{"taxonomy":"post_tag","embeddable":true,"href":"https:\/\/www.messinaoggi.it\/website\/wp-json\/wp\/v2\/tags?post=7956"}],"curies":[{"name":"wp","href":"https:\/\/api.w.org\/{rel}","templated":true}]}}