{"id":795,"date":"2017-05-29T10:47:06","date_gmt":"2017-05-29T08:47:06","guid":{"rendered":"http:\/\/www.messinaoggi.it\/website\/?p=795"},"modified":"2017-05-29T10:47:06","modified_gmt":"2017-05-29T08:47:06","slug":"de-andre-canta-de-andre-un-evento-dal-duplice-significato","status":"publish","type":"post","link":"https:\/\/www.messinaoggi.it\/website\/2017\/05\/29\/de-andre-canta-de-andre-un-evento-dal-duplice-significato\/","title":{"rendered":"De Andr\u00e8 canta De Andr\u00e8, un evento dal duplice significato"},"content":{"rendered":"<p>Il countdown \u00e8 iniziato. Tre giorni ancora e sar\u00e0 di nuovo pura emozione al  Teatro Placido Mandanici di Barcellona Pozzo di Gotto con l\u2019attesissimo concerto di Cristiano De Andr\u00e8, in scena sabato 18, alle ore 21.00.<br \/>\n\u201cLo spettacolo, unica data in Sicilia, \u00e8 un progetto \u2013 dice l\u2019artista &#8211; che mi ha permesso e mi permette di portare avanti l\u2019eredit\u00e0 artistica di mio padre caratterizzandola per\u00f2 con nuovi arrangiamenti che possano esprimere la mia personalit\u00e0 musicale e allo stesso tempo donino un nuovo vestito alle opere, una mia impronta. Mi auguro che cos\u00ec facendo la poesia di mio padre possa arrivare a toccare le anime pi\u00f9 giovani, a coinvolgere anche chi non ascolta la canzone prettamente d\u2019autore\u201d.<br \/>\nIl motivo di questa sua diffusione dei lavori paterni \u00e8  da ricercarsi nella sua  autobiografia.<br \/>\nAttesissimo, il tour 2017, organizzato dalla Concerto Music, che lo  vedr\u00e0 impegnato  sui palchi dei maggiori teatri italiani dove interpreter\u00e0 un repertorio ricco di nuovi brani del padre che si affiancheranno a quelli contenuti nei progetti discografici di grande successo \u201cDe Andr\u00e9 canta De Andr\u00e9 \u2013 Vol. 1\u201d (2009) e \u201cDe Andr\u00e9 canta De Andr\u00e9 \u2013 Vol. 2\u201d (2010) e ai suoi brani pi\u00f9 celebri.<br \/>\nAncora una volta, dunque, il pubblico barcellonese potr\u00e0  assistere ad un evento carico di grandi emozioni; un evento  caratterizzato dall\u2019incontro di due culture, quella ligure e quella siciliana, che confluiranno nella \u201cpoesia in musica\u201d di Fabrizio De Andr\u00e8, riportata in auge dal figlio Cristiano.<div id=\"div-gpt-ad-Messinaoggi.it-DSK-300x250-corpoart\" style=\"text-align:center;margin:0 auto;\"><\/div><\/p>\n<div id=\"videoincontent\" style=\"clear:both\";><\/div>","protected":false},"excerpt":{"rendered":"<p>Il countdown \u00e8 iniziato. Tre giorni ancora e sar\u00e0 di nuovo pura emozione al Teatro Placido Mandanici di Barcellona Pozzo di Gotto con l\u2019attesissimo concerto di Cristiano De Andr\u00e8, in scena sabato 18, alle ore 21.00. \u201cLo spettacolo, unica data in Sicilia, \u00e8 un progetto \u2013 dice l\u2019artista &#8211; che mi ha permesso e mi [&hellip;]<\/p>\n","protected":false},"author":5,"featured_media":796,"comment_status":"closed","ping_status":"open","sticky":false,"template":"","format":"standard","meta":{"ub_ctt_via":"","_mi_skip_tracking":false},"categories":[17],"tags":[],"featured_image_src":"https:\/\/www.messinaoggi.it\/website\/wp-content\/uploads\/2017\/05\/Cristiano-De-Andre-@-Dino-Buffagni2_b-2-2.jpg","author_info":{"display_name":"Maria Antonella Saia","author_link":"https:\/\/www.messinaoggi.it\/website\/author\/m-saia\/"},"digistream_id":0,"digistream":false,"_links":{"self":[{"href":"https:\/\/www.messinaoggi.it\/website\/wp-json\/wp\/v2\/posts\/795"}],"collection":[{"href":"https:\/\/www.messinaoggi.it\/website\/wp-json\/wp\/v2\/posts"}],"about":[{"href":"https:\/\/www.messinaoggi.it\/website\/wp-json\/wp\/v2\/types\/post"}],"author":[{"embeddable":true,"href":"https:\/\/www.messinaoggi.it\/website\/wp-json\/wp\/v2\/users\/5"}],"replies":[{"embeddable":true,"href":"https:\/\/www.messinaoggi.it\/website\/wp-json\/wp\/v2\/comments?post=795"}],"version-history":[{"count":0,"href":"https:\/\/www.messinaoggi.it\/website\/wp-json\/wp\/v2\/posts\/795\/revisions"}],"wp:featuredmedia":[{"embeddable":true,"href":"https:\/\/www.messinaoggi.it\/website\/wp-json\/wp\/v2\/media\/796"}],"wp:attachment":[{"href":"https:\/\/www.messinaoggi.it\/website\/wp-json\/wp\/v2\/media?parent=795"}],"wp:term":[{"taxonomy":"category","embeddable":true,"href":"https:\/\/www.messinaoggi.it\/website\/wp-json\/wp\/v2\/categories?post=795"},{"taxonomy":"post_tag","embeddable":true,"href":"https:\/\/www.messinaoggi.it\/website\/wp-json\/wp\/v2\/tags?post=795"}],"curies":[{"name":"wp","href":"https:\/\/api.w.org\/{rel}","templated":true}]}}