{"id":79472,"date":"2021-09-10T11:07:31","date_gmt":"2021-09-10T09:07:31","guid":{"rendered":"https:\/\/www.messinaoggi.it\/website\/2021\/09\/10\/renzi-il-green-pass-restituisce-la-liberta-assurdo-essere-contrari\/"},"modified":"2021-09-10T11:07:31","modified_gmt":"2021-09-10T09:07:31","slug":"renzi-il-green-pass-restituisce-la-liberta-assurdo-essere-contrari","status":"publish","type":"post","link":"https:\/\/www.messinaoggi.it\/website\/2021\/09\/10\/renzi-il-green-pass-restituisce-la-liberta-assurdo-essere-contrari\/","title":{"rendered":"Renzi \u201cIl green pass restituisce la libert\u00e0, assurdo essere contrari\u201d"},"content":{"rendered":"<div>ROMA (ITALPRESS) &#8211; &#8220;Il Green Pass restituisce la libert\u00e0, contro la libert\u00e0 \u00e8 il covid, un fatto epocale che ha messo in ginocchio il mondo. Per uscirne ci sono tre modi, il primo sono vaccini e grazie a Figliuolo abbiamo accelerato, il secondo sono i farmaci antivirali che stanno arrivando ma ci vorr\u00e0 ancora tempo e il terzo \u00e8 un meccanismo che permetta di non tornare in lockdown. Io sul balcone a cantare in zona rossa non ci voglio tornare. Essere contro il Green Pass \u00e8 scelta assurda, la Lega ha una dinamica interna che non capisco e non mi aspettavo, facciano quel che credono, il Governo va avanti e l&#8217;Italia con il Green Pass riparte&#8221;. Cos\u00ec Matteo Renzi, leader di Italia Viva, a Radio24.<br \/>&#8220;Da quando c&#8217;\u00e8 Draghi c&#8217;\u00e8 molta pi\u00f9 seriet\u00e0 nella politica istituzionale di questo Paese rispetto a quando c&#8217;era Conte. Quello del Green Pass \u00e8 un tema di visibilit\u00e0 per la Lega, credo che la stragrande maggioranza dei suoi elettori siano tutti per il Green Pass&#8221;, ha proseguito.<br \/>(ITALPRESS).<\/div>\n<div id=\"div-gpt-ad-Messinaoggi.it-DSK-300x250-corpoart\" style=\"text-align:center;margin:0 auto;\"><\/div><\/p><div id=\"videoincontent\" style=\"clear:both\";><\/div>","protected":false},"excerpt":{"rendered":"<p>ROMA (ITALPRESS) &#8211; &#8220;Il Green Pass restituisce la libert\u00e0, contro la libert\u00e0 \u00e8 il covid, un fatto epocale che ha messo in ginocchio il mondo. Per uscirne ci sono tre modi, il primo sono vaccini e grazie a Figliuolo abbiamo accelerato, il secondo sono i farmaci antivirali che stanno arrivando ma ci vorr\u00e0 ancora tempo [&hellip;]<\/p>\n","protected":false},"author":18,"featured_media":79473,"comment_status":"closed","ping_status":"closed","sticky":false,"template":"","format":"standard","meta":{"ub_ctt_via":"","_mi_skip_tracking":false},"categories":[446],"tags":[783],"featured_image_src":"https:\/\/www.messinaoggi.it\/website\/wp-content\/uploads\/2021\/09\/20210910_0171.jpg","author_info":{"display_name":"Admin","author_link":"https:\/\/www.messinaoggi.it\/website\/author\/admin\/"},"digistream_id":0,"digistream":false,"_links":{"self":[{"href":"https:\/\/www.messinaoggi.it\/website\/wp-json\/wp\/v2\/posts\/79472"}],"collection":[{"href":"https:\/\/www.messinaoggi.it\/website\/wp-json\/wp\/v2\/posts"}],"about":[{"href":"https:\/\/www.messinaoggi.it\/website\/wp-json\/wp\/v2\/types\/post"}],"author":[{"embeddable":true,"href":"https:\/\/www.messinaoggi.it\/website\/wp-json\/wp\/v2\/users\/18"}],"replies":[{"embeddable":true,"href":"https:\/\/www.messinaoggi.it\/website\/wp-json\/wp\/v2\/comments?post=79472"}],"version-history":[{"count":0,"href":"https:\/\/www.messinaoggi.it\/website\/wp-json\/wp\/v2\/posts\/79472\/revisions"}],"wp:featuredmedia":[{"embeddable":true,"href":"https:\/\/www.messinaoggi.it\/website\/wp-json\/wp\/v2\/media\/79473"}],"wp:attachment":[{"href":"https:\/\/www.messinaoggi.it\/website\/wp-json\/wp\/v2\/media?parent=79472"}],"wp:term":[{"taxonomy":"category","embeddable":true,"href":"https:\/\/www.messinaoggi.it\/website\/wp-json\/wp\/v2\/categories?post=79472"},{"taxonomy":"post_tag","embeddable":true,"href":"https:\/\/www.messinaoggi.it\/website\/wp-json\/wp\/v2\/tags?post=79472"}],"curies":[{"name":"wp","href":"https:\/\/api.w.org\/{rel}","templated":true}]}}